{"id":5575,"date":"2021-06-04T22:17:55","date_gmt":"2021-06-04T20:17:55","guid":{"rendered":"https:\/\/casaentresueveypicos.com\/mythologischer-pfad-beyu-pen\/"},"modified":"2021-06-04T22:17:57","modified_gmt":"2021-06-04T20:17:57","slug":"mythologischer-pfad-beyu-pen","status":"publish","type":"post","link":"https:\/\/casaentresueveypicos.com\/de\/mythologischer-pfad-beyu-pen\/","title":{"rendered":"Mythologischer Pfad &#8222;Beyu Pen&#8220;"},"content":{"rendered":"<p>Santill\u00e1n (Amieva) 21 km vom Haus entfernt, 24 min<\/p>\n<p>Diese Route, auch bekannt als &#8222;Der Zauber der Mythologie&#8220;, befindet sich in Santill\u00e1n, Amieva. Etwa 10 km von Cangas de On\u00eds entfernt. Es gibt kein Parkproblem am Anfang des Weges neben einem Freizeitpark.<\/p>\n<p>Es ist ein Pfad (ca. 3 km Hin- und 3 km R\u00fcckweg). Es f\u00fchrt uns durch einen verwunschenen Wald zum Dorf Pen. Die Wanderung verl\u00e4uft am Ufer eines kleinen Flusses namens &#8222;Regatu oder Arroyo&#8220; des Beyu, daher der Name.<\/p>\n<p>Die Route beginnt mit einer H\u00e4ngebr\u00fccke \u00fcber den Fluss Sella. Dieser f\u00fchrt uns durch den bekannten Cam\u00edn de la Reina. Wir beginnen, die vielen B\u00e4ume und nat\u00fcrlichen Felsen zu sehen, deren skurrile Formen von Menschenhand geformt zu sein scheinen. Diese Formen heben sich aus der Tiefe des Waldes ab.<\/p>\n<p>Der K\u00fcnstler aus Gij\u00f3n, Julian Bravo, betont mit Farben spektakul\u00e4r legend\u00e4re Charaktere auf Felsen und B\u00e4umen. Diese faszinierenden Gesichter und Formen f\u00fchren uns in eine Welt der Tr\u00e4ume und Zauberspr\u00fcche, die die Fantasie der Kleinen weckt. Es ist eine Art Freilichtmuseum \u00fcber die mythologischen Figuren der asturischen Kultur und Legende wie Bruxas, Xanas, Busgosos, Nuberos, Trasgos, Pesadiellos, Cu\u00e9lebre usw.<\/p>\n<figure id=\"attachment_4793\" aria-describedby=\"caption-attachment-4793\" style=\"width: 200px\" class=\"wp-caption alignnone\"><img fetchpriority=\"high\" decoding=\"async\" class=\"size-medium wp-image-4790\" src=\"https:\/\/casaentresueveypicos.com\/wp-content\/uploads\/2021\/05\/Camin-Beyu-Pen-200x300.jpg\" alt=\"Mythologischer Pfad \"Beyu Pen\"\" width=\"200\" height=\"300\" srcset=\"https:\/\/casaentresueveypicos.com\/wp-content\/uploads\/2021\/05\/Camin-Beyu-Pen-200x300.jpg 200w, https:\/\/casaentresueveypicos.com\/wp-content\/uploads\/2021\/05\/Camin-Beyu-Pen-683x1024.jpg 683w, https:\/\/casaentresueveypicos.com\/wp-content\/uploads\/2021\/05\/Camin-Beyu-Pen-768x1152.jpg 768w, https:\/\/casaentresueveypicos.com\/wp-content\/uploads\/2021\/05\/Camin-Beyu-Pen-1024x1536.jpg 1024w, https:\/\/casaentresueveypicos.com\/wp-content\/uploads\/2021\/05\/Camin-Beyu-Pen-600x900.jpg 600w, https:\/\/casaentresueveypicos.com\/wp-content\/uploads\/2021\/05\/Camin-Beyu-Pen.jpg 1365w\" sizes=\"(max-width: 200px) 100vw, 200px\" \/><figcaption id=\"caption-attachment-4793\" class=\"wp-caption-text\">Ein mythologisches Gesicht auf einem Stein.<\/figcaption><\/figure>\n<p>Die W\u00e4lder sind heimisch, vor allem Kastanien, Haseln\u00fcsse und Eiche, so dass die zahlreichen &#8222;Cuerres&#8220; (Steinskorralen) einen Sinn haben, um die Fr\u00fcchte zu erhalten und vor den Tieren zu sch\u00fctzen.<\/p>\n<p>Auch das Dorf Pen ist einen Besuch wert, etwa 400 m hoch bei Pe\u00f1a Dulce. Fast alle H\u00e4user sind sehr gut erhalten und haben eine traditionelle Architektur.<\/p>\n<p>Ein Herrenhaus aus dem 17. Jahrhundert mit einem kleinen Wachturm wurde zur heutigen Casa Peri umgebaut. Diese ist auch f\u00fcr ihre Handwerkskunst und die dekorativen Elemente des Balkons bekannt.<\/p>\n<p>Das Fond\u00f3n-Haus ist gro\u00df und verf\u00fcgt \u00fcber einen Korridor mit sch\u00f6nen handwerklichen Schnitzereien und den gr\u00f6\u00dften Getreidespeicher Asturiens, der von 14 Pfeilern getragen wird, verglichen mit den 4 eines normalen Getreidespeichers. In der Ecke seiner Fassade sehen wir eine gut gepflegte Sonnenuhr, die aus Kalkstein geschnitzt ist.<\/p>\n<p>Einmal in Santill\u00e1n, k\u00f6nnen Sie auch das Interpretationszentrum f\u00fcr Karst- Felshabitats &#8222;Justo del Castillo&#8220; besuchen. Dieses befasst sich mit dem Karstph\u00e4nomen in der Landschaft des Ostens von Asturien. Durch die Darstellung der in der H\u00f6hle von Collubil in Campurriondi (Amieva) gefundenen Objekte werden die Vorgeschichte und der H\u00f6hlenlebensraum nachgebildet.<\/p>\n","protected":false},"excerpt":{"rendered":"<p>Santill\u00e1n (Amieva) 21 km vom Haus entfernt, 24 min Diese Route, auch bekannt als &#8222;Der Zauber der Mythologie&#8220;, befindet sich in Santill\u00e1n, Amieva. Etwa 10 km von Cangas de On\u00eds entfernt. Es gibt kein Parkproblem am Anfang des Weges neben einem Freizeitpark. Es ist ein Pfad (ca. 3 km Hin- und 3 km R\u00fcckweg). Es [&hellip;]<\/p>\n","protected":false},"author":1,"featured_media":4793,"comment_status":"open","ping_status":"open","sticky":false,"template":"","format":"standard","meta":{"_joinchat":[],"footnotes":""},"categories":[123],"tags":[127],"class_list":["post-5575","post","type-post","status-publish","format-standard","has-post-thumbnail","hentry","category-routen","tag-in-gruppe-oder-familie"],"yoast_head":"<!-- This site is optimized with the Yoast SEO plugin v25.1 - https:\/\/yoast.com\/wordpress\/plugins\/seo\/ -->\n<title>Mythologischer Pfad &quot;Beyu Pen&quot; - Casa entre Sueve y Picos<\/title>\n<meta name=\"robots\" content=\"index, follow, max-snippet:-1, max-image-preview:large, max-video-preview:-1\" \/>\n<link rel=\"canonical\" href=\"https:\/\/casaentresueveypicos.com\/de\/mythologischer-pfad-beyu-pen\/\" \/>\n<meta property=\"og:locale\" content=\"de_DE\" \/>\n<meta property=\"og:type\" content=\"article\" \/>\n<meta property=\"og:title\" content=\"Mythologischer Pfad &quot;Beyu Pen&quot; - Casa entre Sueve y Picos\" \/>\n<meta property=\"og:description\" content=\"Santill\u00e1n (Amieva) 21 km vom Haus entfernt, 24 min Diese Route, auch bekannt als &#8222;Der Zauber der Mythologie&#8220;, befindet sich in Santill\u00e1n, Amieva. Etwa 10 km von Cangas de On\u00eds entfernt. Es gibt kein Parkproblem am Anfang des Weges neben einem Freizeitpark. Es ist ein Pfad (ca. 3 km Hin- und 3 km R\u00fcckweg). Es [&hellip;]\" \/>\n<meta property=\"og:url\" content=\"https:\/\/casaentresueveypicos.com\/de\/mythologischer-pfad-beyu-pen\/\" \/>\n<meta property=\"og:site_name\" content=\"Casa entre Sueve y Picos\" \/>\n<meta property=\"article:published_time\" content=\"2021-06-04T20:17:55+00:00\" \/>\n<meta property=\"article:modified_time\" content=\"2021-06-04T20:17:57+00:00\" \/>\n<meta property=\"og:image\" content=\"https:\/\/casaentresueveypicos.com\/wp-content\/uploads\/2021\/05\/Camin-Beyu-Pen.jpg\" \/>\n\t<meta property=\"og:image:width\" content=\"1365\" \/>\n\t<meta property=\"og:image:height\" content=\"2048\" \/>\n\t<meta property=\"og:image:type\" content=\"image\/jpeg\" \/>\n<meta name=\"author\" content=\"Rosicuadro\" \/>\n<meta name=\"twitter:card\" content=\"summary_large_image\" \/>\n<meta name=\"twitter:label1\" content=\"Verfasst von\" \/>\n\t<meta name=\"twitter:data1\" content=\"Rosicuadro\" \/>\n\t<meta name=\"twitter:label2\" content=\"Gesch\u00e4tzte Lesezeit\" \/>\n\t<meta name=\"twitter:data2\" content=\"2\u00a0Minuten\" \/>\n<script type=\"application\/ld+json\" class=\"yoast-schema-graph\">{\"@context\":\"https:\/\/schema.org\",\"@graph\":[{\"@type\":\"WebPage\",\"@id\":\"https:\/\/casaentresueveypicos.com\/de\/mythologischer-pfad-beyu-pen\/\",\"url\":\"https:\/\/casaentresueveypicos.com\/de\/mythologischer-pfad-beyu-pen\/\",\"name\":\"Mythologischer Pfad \\\"Beyu Pen\\\" - Casa entre Sueve y Picos\",\"isPartOf\":{\"@id\":\"https:\/\/casaentresueveypicos.com\/de\/#website\"},\"primaryImageOfPage\":{\"@id\":\"https:\/\/casaentresueveypicos.com\/de\/mythologischer-pfad-beyu-pen\/#primaryimage\"},\"image\":{\"@id\":\"https:\/\/casaentresueveypicos.com\/de\/mythologischer-pfad-beyu-pen\/#primaryimage\"},\"thumbnailUrl\":\"https:\/\/casaentresueveypicos.com\/wp-content\/uploads\/2021\/05\/Camin-Beyu-Pen.jpg\",\"datePublished\":\"2021-06-04T20:17:55+00:00\",\"dateModified\":\"2021-06-04T20:17:57+00:00\",\"author\":{\"@id\":\"https:\/\/casaentresueveypicos.com\/de\/#\/schema\/person\/e432313a7a096544e2d3279bf5fa82d8\"},\"breadcrumb\":{\"@id\":\"https:\/\/casaentresueveypicos.com\/de\/mythologischer-pfad-beyu-pen\/#breadcrumb\"},\"inLanguage\":\"de\",\"potentialAction\":[{\"@type\":\"ReadAction\",\"target\":[\"https:\/\/casaentresueveypicos.com\/de\/mythologischer-pfad-beyu-pen\/\"]}]},{\"@type\":\"ImageObject\",\"inLanguage\":\"de\",\"@id\":\"https:\/\/casaentresueveypicos.com\/de\/mythologischer-pfad-beyu-pen\/#primaryimage\",\"url\":\"https:\/\/casaentresueveypicos.com\/wp-content\/uploads\/2021\/05\/Camin-Beyu-Pen.jpg\",\"contentUrl\":\"https:\/\/casaentresueveypicos.com\/wp-content\/uploads\/2021\/05\/Camin-Beyu-Pen.jpg\",\"width\":1365,\"height\":2048,\"caption\":\"Ein mythologisches Gesicht auf einem Stein.\"},{\"@type\":\"BreadcrumbList\",\"@id\":\"https:\/\/casaentresueveypicos.com\/de\/mythologischer-pfad-beyu-pen\/#breadcrumb\",\"itemListElement\":[{\"@type\":\"ListItem\",\"position\":1,\"name\":\"Inicio\",\"item\":\"https:\/\/casaentresueveypicos.com\/de\/\"},{\"@type\":\"ListItem\",\"position\":2,\"name\":\"Mythologischer Pfad &#8222;Beyu Pen&#8220;\"}]},{\"@type\":\"WebSite\",\"@id\":\"https:\/\/casaentresueveypicos.com\/de\/#website\",\"url\":\"https:\/\/casaentresueveypicos.com\/de\/\",\"name\":\"Casa entre Sueve y Picos\",\"description\":\"Casa Rural en Arriondas\",\"potentialAction\":[{\"@type\":\"SearchAction\",\"target\":{\"@type\":\"EntryPoint\",\"urlTemplate\":\"https:\/\/casaentresueveypicos.com\/de\/?s={search_term_string}\"},\"query-input\":{\"@type\":\"PropertyValueSpecification\",\"valueRequired\":true,\"valueName\":\"search_term_string\"}}],\"inLanguage\":\"de\"},{\"@type\":\"Person\",\"@id\":\"https:\/\/casaentresueveypicos.com\/de\/#\/schema\/person\/e432313a7a096544e2d3279bf5fa82d8\",\"name\":\"Rosicuadro\",\"image\":{\"@type\":\"ImageObject\",\"inLanguage\":\"de\",\"@id\":\"https:\/\/casaentresueveypicos.com\/de\/#\/schema\/person\/image\/\",\"url\":\"https:\/\/secure.gravatar.com\/avatar\/954520ac96921f58212e6f859757aceb6d9b28a5e161a6b461188bcb3c89fea1?s=96&d=mm&r=g\",\"contentUrl\":\"https:\/\/secure.gravatar.com\/avatar\/954520ac96921f58212e6f859757aceb6d9b28a5e161a6b461188bcb3c89fea1?s=96&d=mm&r=g\",\"caption\":\"Rosicuadro\"},\"sameAs\":[\"https:\/\/casaentresueveypicos.com\"],\"url\":\"https:\/\/casaentresueveypicos.com\/de\/author\/rosicuadro\/\"}]}<\/script>\n<!-- \/ Yoast SEO plugin. -->","yoast_head_json":{"title":"Mythologischer Pfad \"Beyu Pen\" - Casa entre Sueve y Picos","robots":{"index":"index","follow":"follow","max-snippet":"max-snippet:-1","max-image-preview":"max-image-preview:large","max-video-preview":"max-video-preview:-1"},"canonical":"https:\/\/casaentresueveypicos.com\/de\/mythologischer-pfad-beyu-pen\/","og_locale":"de_DE","og_type":"article","og_title":"Mythologischer Pfad \"Beyu Pen\" - Casa entre Sueve y Picos","og_description":"Santill\u00e1n (Amieva) 21 km vom Haus entfernt, 24 min Diese Route, auch bekannt als &#8222;Der Zauber der Mythologie&#8220;, befindet sich in Santill\u00e1n, Amieva. Etwa 10 km von Cangas de On\u00eds entfernt. Es gibt kein Parkproblem am Anfang des Weges neben einem Freizeitpark. Es ist ein Pfad (ca. 3 km Hin- und 3 km R\u00fcckweg). Es [&hellip;]","og_url":"https:\/\/casaentresueveypicos.com\/de\/mythologischer-pfad-beyu-pen\/","og_site_name":"Casa entre Sueve y Picos","article_published_time":"2021-06-04T20:17:55+00:00","article_modified_time":"2021-06-04T20:17:57+00:00","og_image":[{"width":1365,"height":2048,"url":"https:\/\/casaentresueveypicos.com\/wp-content\/uploads\/2021\/05\/Camin-Beyu-Pen.jpg","type":"image\/jpeg"}],"author":"Rosicuadro","twitter_card":"summary_large_image","twitter_misc":{"Verfasst von":"Rosicuadro","Gesch\u00e4tzte Lesezeit":"2\u00a0Minuten"},"schema":{"@context":"https:\/\/schema.org","@graph":[{"@type":"WebPage","@id":"https:\/\/casaentresueveypicos.com\/de\/mythologischer-pfad-beyu-pen\/","url":"https:\/\/casaentresueveypicos.com\/de\/mythologischer-pfad-beyu-pen\/","name":"Mythologischer Pfad \"Beyu Pen\" - Casa entre Sueve y Picos","isPartOf":{"@id":"https:\/\/casaentresueveypicos.com\/de\/#website"},"primaryImageOfPage":{"@id":"https:\/\/casaentresueveypicos.com\/de\/mythologischer-pfad-beyu-pen\/#primaryimage"},"image":{"@id":"https:\/\/casaentresueveypicos.com\/de\/mythologischer-pfad-beyu-pen\/#primaryimage"},"thumbnailUrl":"https:\/\/casaentresueveypicos.com\/wp-content\/uploads\/2021\/05\/Camin-Beyu-Pen.jpg","datePublished":"2021-06-04T20:17:55+00:00","dateModified":"2021-06-04T20:17:57+00:00","author":{"@id":"https:\/\/casaentresueveypicos.com\/de\/#\/schema\/person\/e432313a7a096544e2d3279bf5fa82d8"},"breadcrumb":{"@id":"https:\/\/casaentresueveypicos.com\/de\/mythologischer-pfad-beyu-pen\/#breadcrumb"},"inLanguage":"de","potentialAction":[{"@type":"ReadAction","target":["https:\/\/casaentresueveypicos.com\/de\/mythologischer-pfad-beyu-pen\/"]}]},{"@type":"ImageObject","inLanguage":"de","@id":"https:\/\/casaentresueveypicos.com\/de\/mythologischer-pfad-beyu-pen\/#primaryimage","url":"https:\/\/casaentresueveypicos.com\/wp-content\/uploads\/2021\/05\/Camin-Beyu-Pen.jpg","contentUrl":"https:\/\/casaentresueveypicos.com\/wp-content\/uploads\/2021\/05\/Camin-Beyu-Pen.jpg","width":1365,"height":2048,"caption":"Ein mythologisches Gesicht auf einem Stein."},{"@type":"BreadcrumbList","@id":"https:\/\/casaentresueveypicos.com\/de\/mythologischer-pfad-beyu-pen\/#breadcrumb","itemListElement":[{"@type":"ListItem","position":1,"name":"Inicio","item":"https:\/\/casaentresueveypicos.com\/de\/"},{"@type":"ListItem","position":2,"name":"Mythologischer Pfad &#8222;Beyu Pen&#8220;"}]},{"@type":"WebSite","@id":"https:\/\/casaentresueveypicos.com\/de\/#website","url":"https:\/\/casaentresueveypicos.com\/de\/","name":"Casa entre Sueve y Picos","description":"Casa Rural en Arriondas","potentialAction":[{"@type":"SearchAction","target":{"@type":"EntryPoint","urlTemplate":"https:\/\/casaentresueveypicos.com\/de\/?s={search_term_string}"},"query-input":{"@type":"PropertyValueSpecification","valueRequired":true,"valueName":"search_term_string"}}],"inLanguage":"de"},{"@type":"Person","@id":"https:\/\/casaentresueveypicos.com\/de\/#\/schema\/person\/e432313a7a096544e2d3279bf5fa82d8","name":"Rosicuadro","image":{"@type":"ImageObject","inLanguage":"de","@id":"https:\/\/casaentresueveypicos.com\/de\/#\/schema\/person\/image\/","url":"https:\/\/secure.gravatar.com\/avatar\/954520ac96921f58212e6f859757aceb6d9b28a5e161a6b461188bcb3c89fea1?s=96&d=mm&r=g","contentUrl":"https:\/\/secure.gravatar.com\/avatar\/954520ac96921f58212e6f859757aceb6d9b28a5e161a6b461188bcb3c89fea1?s=96&d=mm&r=g","caption":"Rosicuadro"},"sameAs":["https:\/\/casaentresueveypicos.com"],"url":"https:\/\/casaentresueveypicos.com\/de\/author\/rosicuadro\/"}]}},"_links":{"self":[{"href":"https:\/\/casaentresueveypicos.com\/de\/wp-json\/wp\/v2\/posts\/5575","targetHints":{"allow":["GET"]}}],"collection":[{"href":"https:\/\/casaentresueveypicos.com\/de\/wp-json\/wp\/v2\/posts"}],"about":[{"href":"https:\/\/casaentresueveypicos.com\/de\/wp-json\/wp\/v2\/types\/post"}],"author":[{"embeddable":true,"href":"https:\/\/casaentresueveypicos.com\/de\/wp-json\/wp\/v2\/users\/1"}],"replies":[{"embeddable":true,"href":"https:\/\/casaentresueveypicos.com\/de\/wp-json\/wp\/v2\/comments?post=5575"}],"version-history":[{"count":1,"href":"https:\/\/casaentresueveypicos.com\/de\/wp-json\/wp\/v2\/posts\/5575\/revisions"}],"predecessor-version":[{"id":5576,"href":"https:\/\/casaentresueveypicos.com\/de\/wp-json\/wp\/v2\/posts\/5575\/revisions\/5576"}],"wp:featuredmedia":[{"embeddable":true,"href":"https:\/\/casaentresueveypicos.com\/de\/wp-json\/wp\/v2\/media\/4793"}],"wp:attachment":[{"href":"https:\/\/casaentresueveypicos.com\/de\/wp-json\/wp\/v2\/media?parent=5575"}],"wp:term":[{"taxonomy":"category","embeddable":true,"href":"https:\/\/casaentresueveypicos.com\/de\/wp-json\/wp\/v2\/categories?post=5575"},{"taxonomy":"post_tag","embeddable":true,"href":"https:\/\/casaentresueveypicos.com\/de\/wp-json\/wp\/v2\/tags?post=5575"}],"curies":[{"name":"wp","href":"https:\/\/api.w.org\/{rel}","templated":true}]}}