{"id":5565,"date":"2021-06-04T20:46:42","date_gmt":"2021-06-04T18:46:42","guid":{"rendered":"https:\/\/casaentresueveypicos.com\/die-wassermuehle-la-teyera\/"},"modified":"2021-06-04T20:46:59","modified_gmt":"2021-06-04T18:46:59","slug":"die-wassermuehle-la-teyera","status":"publish","type":"post","link":"https:\/\/casaentresueveypicos.com\/de\/die-wassermuehle-la-teyera\/","title":{"rendered":"Die Wasserm\u00fchle &#8222;La Teyera&#8220;"},"content":{"rendered":"<p>&#8222;La Teyera&#8220; ist die einzige aktive Wasserm\u00fchle in der Gemeinde Parres. Es ist ungef\u00e4hr 400 Jahre alt. Es liegt in einer idyllischen Enklave am Ufer des R\u00edo Chico, an der Stra\u00dfe Arriondas &#8211; F\u00edos. Es hat seinen Namen von dem Viertel und dem Bauernhof, zu dem es in F\u00edos geh\u00f6rt.<\/p>\n<p>Dank der guten Pflege und guten Arbeit seines 97-j\u00e4hrigen Besitzers Antonio Soto ist er auch einer der am besten erhaltenen und der einzige, der in Parres noch mahlt.<\/p>\n<p>Antonio war bis vor kurzem aktiv, jetzt ersetzt ihn sein Sohn. Er war seit 1946 M\u00fcller. Mais war damals eines der Grundnahrungsmittel in diesen L\u00e4ndern und diente unter anderem den benachbarten D\u00f6rfern Huexes, F\u00edos und Cuadrove\u00f1a. Wie er selbst sagt, mahlt er weiterhin viel f\u00fcr das Wenige, das heute ges\u00e4t wird.<\/p>\n<p>Wenn Sie gute Tortos (typisch asturianische Maisfladen) oder eine gute Boro\u00f1a (mit Wurst gef\u00fcllter Maiskuchen) genie\u00dfen m\u00f6chten, erhalten Sie hier eines der besten Maismehle. Die M\u00fchle hat einen sehr guten Stein, der das Mehl sehr fein mahlt. Der M\u00fcller arbeitet auch mit der Maquila, einem Zahlungsmethode, bei dem er einen Teil des frisch gemahlenen Mehls der Bauern aufbewahrt. So ist das Mehl, das wir von ihm kaufen, von hervorragender Qualit\u00e4t, von einheimischem Mais, da es aus der Aussaat auf den umliegenden Feldern stammt.<\/p>\n","protected":false},"excerpt":{"rendered":"<p>&#8222;La Teyera&#8220; ist die einzige aktive Wasserm\u00fchle in der Gemeinde Parres. Es ist ungef\u00e4hr 400 Jahre alt. Es liegt in einer idyllischen Enklave am Ufer des R\u00edo Chico, an der Stra\u00dfe Arriondas &#8211; F\u00edos. Es hat seinen Namen von dem Viertel und dem Bauernhof, zu dem es in F\u00edos geh\u00f6rt. Dank der guten Pflege und [&hellip;]<\/p>\n","protected":false},"author":1,"featured_media":2672,"comment_status":"open","ping_status":"open","sticky":false,"template":"","format":"standard","meta":{"_joinchat":[],"footnotes":""},"categories":[117],"tags":[128],"class_list":["post-5565","post","type-post","status-publish","format-standard","has-post-thumbnail","hentry","category-natur","tag-inmediaciones-de"],"yoast_head":"<!-- This site is optimized with the Yoast SEO plugin v25.1 - https:\/\/yoast.com\/wordpress\/plugins\/seo\/ -->\n<title>Die Wasserm\u00fchle &quot;La Teyera&quot; - Casa entre Sueve y Picos<\/title>\n<meta name=\"robots\" content=\"index, follow, max-snippet:-1, max-image-preview:large, max-video-preview:-1\" \/>\n<link rel=\"canonical\" href=\"https:\/\/casaentresueveypicos.com\/de\/die-wassermuehle-la-teyera\/\" \/>\n<meta property=\"og:locale\" content=\"de_DE\" \/>\n<meta property=\"og:type\" content=\"article\" \/>\n<meta property=\"og:title\" content=\"Die Wasserm\u00fchle &quot;La Teyera&quot; - Casa entre Sueve y Picos\" \/>\n<meta property=\"og:description\" content=\"&#8222;La Teyera&#8220; ist die einzige aktive Wasserm\u00fchle in der Gemeinde Parres. Es ist ungef\u00e4hr 400 Jahre alt. Es liegt in einer idyllischen Enklave am Ufer des R\u00edo Chico, an der Stra\u00dfe Arriondas &#8211; F\u00edos. Es hat seinen Namen von dem Viertel und dem Bauernhof, zu dem es in F\u00edos geh\u00f6rt. Dank der guten Pflege und [&hellip;]\" \/>\n<meta property=\"og:url\" content=\"https:\/\/casaentresueveypicos.com\/de\/die-wassermuehle-la-teyera\/\" \/>\n<meta property=\"og:site_name\" content=\"Casa entre Sueve y Picos\" \/>\n<meta property=\"article:published_time\" content=\"2021-06-04T18:46:42+00:00\" \/>\n<meta property=\"article:modified_time\" content=\"2021-06-04T18:46:59+00:00\" \/>\n<meta property=\"og:image\" content=\"https:\/\/casaentresueveypicos.com\/wp-content\/uploads\/2021\/03\/molin-1.jpg\" \/>\n\t<meta property=\"og:image:width\" content=\"1920\" \/>\n\t<meta property=\"og:image:height\" content=\"864\" \/>\n\t<meta property=\"og:image:type\" content=\"image\/jpeg\" \/>\n<meta name=\"author\" content=\"Rosicuadro\" \/>\n<meta name=\"twitter:card\" content=\"summary_large_image\" \/>\n<meta name=\"twitter:label1\" content=\"Verfasst von\" \/>\n\t<meta name=\"twitter:data1\" content=\"Rosicuadro\" \/>\n\t<meta name=\"twitter:label2\" content=\"Gesch\u00e4tzte Lesezeit\" \/>\n\t<meta name=\"twitter:data2\" content=\"1\u00a0Minute\" \/>\n<script type=\"application\/ld+json\" class=\"yoast-schema-graph\">{\"@context\":\"https:\/\/schema.org\",\"@graph\":[{\"@type\":\"WebPage\",\"@id\":\"https:\/\/casaentresueveypicos.com\/de\/die-wassermuehle-la-teyera\/\",\"url\":\"https:\/\/casaentresueveypicos.com\/de\/die-wassermuehle-la-teyera\/\",\"name\":\"Die Wasserm\u00fchle \\\"La Teyera\\\" - Casa entre Sueve y Picos\",\"isPartOf\":{\"@id\":\"https:\/\/casaentresueveypicos.com\/de\/#website\"},\"primaryImageOfPage\":{\"@id\":\"https:\/\/casaentresueveypicos.com\/de\/die-wassermuehle-la-teyera\/#primaryimage\"},\"image\":{\"@id\":\"https:\/\/casaentresueveypicos.com\/de\/die-wassermuehle-la-teyera\/#primaryimage\"},\"thumbnailUrl\":\"https:\/\/casaentresueveypicos.com\/wp-content\/uploads\/2021\/03\/molin-1.jpg\",\"datePublished\":\"2021-06-04T18:46:42+00:00\",\"dateModified\":\"2021-06-04T18:46:59+00:00\",\"author\":{\"@id\":\"https:\/\/casaentresueveypicos.com\/de\/#\/schema\/person\/e432313a7a096544e2d3279bf5fa82d8\"},\"breadcrumb\":{\"@id\":\"https:\/\/casaentresueveypicos.com\/de\/die-wassermuehle-la-teyera\/#breadcrumb\"},\"inLanguage\":\"de\",\"potentialAction\":[{\"@type\":\"ReadAction\",\"target\":[\"https:\/\/casaentresueveypicos.com\/de\/die-wassermuehle-la-teyera\/\"]}]},{\"@type\":\"ImageObject\",\"inLanguage\":\"de\",\"@id\":\"https:\/\/casaentresueveypicos.com\/de\/die-wassermuehle-la-teyera\/#primaryimage\",\"url\":\"https:\/\/casaentresueveypicos.com\/wp-content\/uploads\/2021\/03\/molin-1.jpg\",\"contentUrl\":\"https:\/\/casaentresueveypicos.com\/wp-content\/uploads\/2021\/03\/molin-1.jpg\",\"width\":1920,\"height\":864,\"caption\":\"Wasserm\u00fchle La Teyera, F\u00edos\"},{\"@type\":\"BreadcrumbList\",\"@id\":\"https:\/\/casaentresueveypicos.com\/de\/die-wassermuehle-la-teyera\/#breadcrumb\",\"itemListElement\":[{\"@type\":\"ListItem\",\"position\":1,\"name\":\"Inicio\",\"item\":\"https:\/\/casaentresueveypicos.com\/de\/\"},{\"@type\":\"ListItem\",\"position\":2,\"name\":\"Die Wasserm\u00fchle &#8222;La Teyera&#8220;\"}]},{\"@type\":\"WebSite\",\"@id\":\"https:\/\/casaentresueveypicos.com\/de\/#website\",\"url\":\"https:\/\/casaentresueveypicos.com\/de\/\",\"name\":\"Casa entre Sueve y Picos\",\"description\":\"Casa Rural en Arriondas\",\"potentialAction\":[{\"@type\":\"SearchAction\",\"target\":{\"@type\":\"EntryPoint\",\"urlTemplate\":\"https:\/\/casaentresueveypicos.com\/de\/?s={search_term_string}\"},\"query-input\":{\"@type\":\"PropertyValueSpecification\",\"valueRequired\":true,\"valueName\":\"search_term_string\"}}],\"inLanguage\":\"de\"},{\"@type\":\"Person\",\"@id\":\"https:\/\/casaentresueveypicos.com\/de\/#\/schema\/person\/e432313a7a096544e2d3279bf5fa82d8\",\"name\":\"Rosicuadro\",\"image\":{\"@type\":\"ImageObject\",\"inLanguage\":\"de\",\"@id\":\"https:\/\/casaentresueveypicos.com\/de\/#\/schema\/person\/image\/\",\"url\":\"https:\/\/secure.gravatar.com\/avatar\/954520ac96921f58212e6f859757aceb6d9b28a5e161a6b461188bcb3c89fea1?s=96&d=mm&r=g\",\"contentUrl\":\"https:\/\/secure.gravatar.com\/avatar\/954520ac96921f58212e6f859757aceb6d9b28a5e161a6b461188bcb3c89fea1?s=96&d=mm&r=g\",\"caption\":\"Rosicuadro\"},\"sameAs\":[\"https:\/\/casaentresueveypicos.com\"],\"url\":\"https:\/\/casaentresueveypicos.com\/de\/author\/rosicuadro\/\"}]}<\/script>\n<!-- \/ Yoast SEO plugin. -->","yoast_head_json":{"title":"Die Wasserm\u00fchle \"La Teyera\" - Casa entre Sueve y Picos","robots":{"index":"index","follow":"follow","max-snippet":"max-snippet:-1","max-image-preview":"max-image-preview:large","max-video-preview":"max-video-preview:-1"},"canonical":"https:\/\/casaentresueveypicos.com\/de\/die-wassermuehle-la-teyera\/","og_locale":"de_DE","og_type":"article","og_title":"Die Wasserm\u00fchle \"La Teyera\" - Casa entre Sueve y Picos","og_description":"&#8222;La Teyera&#8220; ist die einzige aktive Wasserm\u00fchle in der Gemeinde Parres. Es ist ungef\u00e4hr 400 Jahre alt. Es liegt in einer idyllischen Enklave am Ufer des R\u00edo Chico, an der Stra\u00dfe Arriondas &#8211; F\u00edos. Es hat seinen Namen von dem Viertel und dem Bauernhof, zu dem es in F\u00edos geh\u00f6rt. Dank der guten Pflege und [&hellip;]","og_url":"https:\/\/casaentresueveypicos.com\/de\/die-wassermuehle-la-teyera\/","og_site_name":"Casa entre Sueve y Picos","article_published_time":"2021-06-04T18:46:42+00:00","article_modified_time":"2021-06-04T18:46:59+00:00","og_image":[{"width":1920,"height":864,"url":"https:\/\/casaentresueveypicos.com\/wp-content\/uploads\/2021\/03\/molin-1.jpg","type":"image\/jpeg"}],"author":"Rosicuadro","twitter_card":"summary_large_image","twitter_misc":{"Verfasst von":"Rosicuadro","Gesch\u00e4tzte Lesezeit":"1\u00a0Minute"},"schema":{"@context":"https:\/\/schema.org","@graph":[{"@type":"WebPage","@id":"https:\/\/casaentresueveypicos.com\/de\/die-wassermuehle-la-teyera\/","url":"https:\/\/casaentresueveypicos.com\/de\/die-wassermuehle-la-teyera\/","name":"Die Wasserm\u00fchle \"La Teyera\" - Casa entre Sueve y Picos","isPartOf":{"@id":"https:\/\/casaentresueveypicos.com\/de\/#website"},"primaryImageOfPage":{"@id":"https:\/\/casaentresueveypicos.com\/de\/die-wassermuehle-la-teyera\/#primaryimage"},"image":{"@id":"https:\/\/casaentresueveypicos.com\/de\/die-wassermuehle-la-teyera\/#primaryimage"},"thumbnailUrl":"https:\/\/casaentresueveypicos.com\/wp-content\/uploads\/2021\/03\/molin-1.jpg","datePublished":"2021-06-04T18:46:42+00:00","dateModified":"2021-06-04T18:46:59+00:00","author":{"@id":"https:\/\/casaentresueveypicos.com\/de\/#\/schema\/person\/e432313a7a096544e2d3279bf5fa82d8"},"breadcrumb":{"@id":"https:\/\/casaentresueveypicos.com\/de\/die-wassermuehle-la-teyera\/#breadcrumb"},"inLanguage":"de","potentialAction":[{"@type":"ReadAction","target":["https:\/\/casaentresueveypicos.com\/de\/die-wassermuehle-la-teyera\/"]}]},{"@type":"ImageObject","inLanguage":"de","@id":"https:\/\/casaentresueveypicos.com\/de\/die-wassermuehle-la-teyera\/#primaryimage","url":"https:\/\/casaentresueveypicos.com\/wp-content\/uploads\/2021\/03\/molin-1.jpg","contentUrl":"https:\/\/casaentresueveypicos.com\/wp-content\/uploads\/2021\/03\/molin-1.jpg","width":1920,"height":864,"caption":"Wasserm\u00fchle La Teyera, F\u00edos"},{"@type":"BreadcrumbList","@id":"https:\/\/casaentresueveypicos.com\/de\/die-wassermuehle-la-teyera\/#breadcrumb","itemListElement":[{"@type":"ListItem","position":1,"name":"Inicio","item":"https:\/\/casaentresueveypicos.com\/de\/"},{"@type":"ListItem","position":2,"name":"Die Wasserm\u00fchle &#8222;La Teyera&#8220;"}]},{"@type":"WebSite","@id":"https:\/\/casaentresueveypicos.com\/de\/#website","url":"https:\/\/casaentresueveypicos.com\/de\/","name":"Casa entre Sueve y Picos","description":"Casa Rural en Arriondas","potentialAction":[{"@type":"SearchAction","target":{"@type":"EntryPoint","urlTemplate":"https:\/\/casaentresueveypicos.com\/de\/?s={search_term_string}"},"query-input":{"@type":"PropertyValueSpecification","valueRequired":true,"valueName":"search_term_string"}}],"inLanguage":"de"},{"@type":"Person","@id":"https:\/\/casaentresueveypicos.com\/de\/#\/schema\/person\/e432313a7a096544e2d3279bf5fa82d8","name":"Rosicuadro","image":{"@type":"ImageObject","inLanguage":"de","@id":"https:\/\/casaentresueveypicos.com\/de\/#\/schema\/person\/image\/","url":"https:\/\/secure.gravatar.com\/avatar\/954520ac96921f58212e6f859757aceb6d9b28a5e161a6b461188bcb3c89fea1?s=96&d=mm&r=g","contentUrl":"https:\/\/secure.gravatar.com\/avatar\/954520ac96921f58212e6f859757aceb6d9b28a5e161a6b461188bcb3c89fea1?s=96&d=mm&r=g","caption":"Rosicuadro"},"sameAs":["https:\/\/casaentresueveypicos.com"],"url":"https:\/\/casaentresueveypicos.com\/de\/author\/rosicuadro\/"}]}},"_links":{"self":[{"href":"https:\/\/casaentresueveypicos.com\/de\/wp-json\/wp\/v2\/posts\/5565","targetHints":{"allow":["GET"]}}],"collection":[{"href":"https:\/\/casaentresueveypicos.com\/de\/wp-json\/wp\/v2\/posts"}],"about":[{"href":"https:\/\/casaentresueveypicos.com\/de\/wp-json\/wp\/v2\/types\/post"}],"author":[{"embeddable":true,"href":"https:\/\/casaentresueveypicos.com\/de\/wp-json\/wp\/v2\/users\/1"}],"replies":[{"embeddable":true,"href":"https:\/\/casaentresueveypicos.com\/de\/wp-json\/wp\/v2\/comments?post=5565"}],"version-history":[{"count":1,"href":"https:\/\/casaentresueveypicos.com\/de\/wp-json\/wp\/v2\/posts\/5565\/revisions"}],"predecessor-version":[{"id":5566,"href":"https:\/\/casaentresueveypicos.com\/de\/wp-json\/wp\/v2\/posts\/5565\/revisions\/5566"}],"wp:featuredmedia":[{"embeddable":true,"href":"https:\/\/casaentresueveypicos.com\/de\/wp-json\/wp\/v2\/media\/2672"}],"wp:attachment":[{"href":"https:\/\/casaentresueveypicos.com\/de\/wp-json\/wp\/v2\/media?parent=5565"}],"wp:term":[{"taxonomy":"category","embeddable":true,"href":"https:\/\/casaentresueveypicos.com\/de\/wp-json\/wp\/v2\/categories?post=5565"},{"taxonomy":"post_tag","embeddable":true,"href":"https:\/\/casaentresueveypicos.com\/de\/wp-json\/wp\/v2\/tags?post=5565"}],"curies":[{"name":"wp","href":"https:\/\/api.w.org\/{rel}","templated":true}]}}