{"id":5519,"date":"2021-06-02T23:37:10","date_gmt":"2021-06-02T21:37:10","guid":{"rendered":"https:\/\/casaentresueveypicos.com\/sonntagsmarkt-in-cangas-de-onis\/"},"modified":"2021-06-02T23:37:10","modified_gmt":"2021-06-02T21:37:10","slug":"sonntagsmarkt-in-cangas-de-onis","status":"publish","type":"post","link":"https:\/\/casaentresueveypicos.com\/de\/sonntagsmarkt-in-cangas-de-onis\/","title":{"rendered":"Sonntagsmarkt in Cangas de On\u00eds"},"content":{"rendered":"<div class=\"_d9fbo4\">Sonntagsmarkt in Cangas de On\u00eds<\/div>\n<div>\n<div class=\"_1ywmp4m\">Es ist einer der wichtigsten M\u00e4rkte in der Region der Picos de Europa. Dort bieten die Landwirte pers\u00f6nlich die frischen, typischen und authentischen Produkte zu sehr guten Preisen an. Produkte wie K\u00e4se, Wurstwaren, Gem\u00fcse, H\u00fclsenfr\u00fccht, Textilien und Basarprodukte unter anderem. Es herrscht eine festliche und gem\u00fctliche Atmosph\u00e4re.<\/div>\n<\/div>\n","protected":false},"excerpt":{"rendered":"<p>Sonntagsmarkt in Cangas de On\u00eds Es ist einer der wichtigsten M\u00e4rkte in der Region der Picos de Europa. Dort bieten die Landwirte pers\u00f6nlich die frischen, typischen und authentischen Produkte zu sehr guten Preisen an. Produkte wie K\u00e4se, Wurstwaren, Gem\u00fcse, H\u00fclsenfr\u00fccht, Textilien und Basarprodukte unter anderem. Es herrscht eine festliche und gem\u00fctliche Atmosph\u00e4re.<\/p>\n","protected":false},"author":3,"featured_media":4921,"comment_status":"open","ping_status":"open","sticky":false,"template":"","format":"standard","meta":{"_joinchat":[],"footnotes":""},"categories":[108],"tags":[],"class_list":["post-5519","post","type-post","status-publish","format-standard","has-post-thumbnail","hentry","category-einkaeufe"],"yoast_head":"<!-- This site is optimized with the Yoast SEO plugin v25.1 - https:\/\/yoast.com\/wordpress\/plugins\/seo\/ -->\n<title>Sonntagsmarkt in Cangas de On\u00eds - Casa entre Sueve y Picos<\/title>\n<meta name=\"robots\" content=\"index, follow, max-snippet:-1, max-image-preview:large, max-video-preview:-1\" \/>\n<link rel=\"canonical\" href=\"https:\/\/casaentresueveypicos.com\/de\/sonntagsmarkt-in-cangas-de-onis\/\" \/>\n<meta property=\"og:locale\" content=\"de_DE\" \/>\n<meta property=\"og:type\" content=\"article\" \/>\n<meta property=\"og:title\" content=\"Sonntagsmarkt in Cangas de On\u00eds - Casa entre Sueve y Picos\" \/>\n<meta property=\"og:description\" content=\"Sonntagsmarkt in Cangas de On\u00eds Es ist einer der wichtigsten M\u00e4rkte in der Region der Picos de Europa. Dort bieten die Landwirte pers\u00f6nlich die frischen, typischen und authentischen Produkte zu sehr guten Preisen an. Produkte wie K\u00e4se, Wurstwaren, Gem\u00fcse, H\u00fclsenfr\u00fccht, Textilien und Basarprodukte unter anderem. Es herrscht eine festliche und gem\u00fctliche Atmosph\u00e4re.\" \/>\n<meta property=\"og:url\" content=\"https:\/\/casaentresueveypicos.com\/de\/sonntagsmarkt-in-cangas-de-onis\/\" \/>\n<meta property=\"og:site_name\" content=\"Casa entre Sueve y Picos\" \/>\n<meta property=\"article:published_time\" content=\"2021-06-02T21:37:10+00:00\" \/>\n<meta property=\"og:image\" content=\"https:\/\/casaentresueveypicos.com\/wp-content\/uploads\/2021\/05\/6256695657_0e3bb72a0f_o.jpg\" \/>\n\t<meta property=\"og:image:width\" content=\"600\" \/>\n\t<meta property=\"og:image:height\" content=\"400\" \/>\n\t<meta property=\"og:image:type\" content=\"image\/jpeg\" \/>\n<meta name=\"author\" content=\"Casa Rural entre Sueve y Picos\" \/>\n<meta name=\"twitter:card\" content=\"summary_large_image\" \/>\n<meta name=\"twitter:label1\" content=\"Verfasst von\" \/>\n\t<meta name=\"twitter:data1\" content=\"Casa Rural entre Sueve y Picos\" \/>\n<script type=\"application\/ld+json\" class=\"yoast-schema-graph\">{\"@context\":\"https:\/\/schema.org\",\"@graph\":[{\"@type\":\"WebPage\",\"@id\":\"https:\/\/casaentresueveypicos.com\/de\/sonntagsmarkt-in-cangas-de-onis\/\",\"url\":\"https:\/\/casaentresueveypicos.com\/de\/sonntagsmarkt-in-cangas-de-onis\/\",\"name\":\"Sonntagsmarkt in Cangas de On\u00eds - Casa entre Sueve y Picos\",\"isPartOf\":{\"@id\":\"https:\/\/casaentresueveypicos.com\/de\/#website\"},\"primaryImageOfPage\":{\"@id\":\"https:\/\/casaentresueveypicos.com\/de\/sonntagsmarkt-in-cangas-de-onis\/#primaryimage\"},\"image\":{\"@id\":\"https:\/\/casaentresueveypicos.com\/de\/sonntagsmarkt-in-cangas-de-onis\/#primaryimage\"},\"thumbnailUrl\":\"https:\/\/casaentresueveypicos.com\/wp-content\/uploads\/2021\/05\/6256695657_0e3bb72a0f_o.jpg\",\"datePublished\":\"2021-06-02T21:37:10+00:00\",\"author\":{\"@id\":\"https:\/\/casaentresueveypicos.com\/de\/#\/schema\/person\/6d379ec9d2ddd015e942b798fe00c322\"},\"breadcrumb\":{\"@id\":\"https:\/\/casaentresueveypicos.com\/de\/sonntagsmarkt-in-cangas-de-onis\/#breadcrumb\"},\"inLanguage\":\"de\",\"potentialAction\":[{\"@type\":\"ReadAction\",\"target\":[\"https:\/\/casaentresueveypicos.com\/de\/sonntagsmarkt-in-cangas-de-onis\/\"]}]},{\"@type\":\"ImageObject\",\"inLanguage\":\"de\",\"@id\":\"https:\/\/casaentresueveypicos.com\/de\/sonntagsmarkt-in-cangas-de-onis\/#primaryimage\",\"url\":\"https:\/\/casaentresueveypicos.com\/wp-content\/uploads\/2021\/05\/6256695657_0e3bb72a0f_o.jpg\",\"contentUrl\":\"https:\/\/casaentresueveypicos.com\/wp-content\/uploads\/2021\/05\/6256695657_0e3bb72a0f_o.jpg\",\"width\":600,\"height\":400,\"caption\":\"Sonntagsmarkt in Cangas de On\u00eds\"},{\"@type\":\"BreadcrumbList\",\"@id\":\"https:\/\/casaentresueveypicos.com\/de\/sonntagsmarkt-in-cangas-de-onis\/#breadcrumb\",\"itemListElement\":[{\"@type\":\"ListItem\",\"position\":1,\"name\":\"Inicio\",\"item\":\"https:\/\/casaentresueveypicos.com\/de\/\"},{\"@type\":\"ListItem\",\"position\":2,\"name\":\"Sonntagsmarkt in Cangas de On\u00eds\"}]},{\"@type\":\"WebSite\",\"@id\":\"https:\/\/casaentresueveypicos.com\/de\/#website\",\"url\":\"https:\/\/casaentresueveypicos.com\/de\/\",\"name\":\"Casa entre Sueve y Picos\",\"description\":\"Casa Rural en Arriondas\",\"potentialAction\":[{\"@type\":\"SearchAction\",\"target\":{\"@type\":\"EntryPoint\",\"urlTemplate\":\"https:\/\/casaentresueveypicos.com\/de\/?s={search_term_string}\"},\"query-input\":{\"@type\":\"PropertyValueSpecification\",\"valueRequired\":true,\"valueName\":\"search_term_string\"}}],\"inLanguage\":\"de\"},{\"@type\":\"Person\",\"@id\":\"https:\/\/casaentresueveypicos.com\/de\/#\/schema\/person\/6d379ec9d2ddd015e942b798fe00c322\",\"name\":\"Casa Rural entre Sueve y Picos\",\"image\":{\"@type\":\"ImageObject\",\"inLanguage\":\"de\",\"@id\":\"https:\/\/casaentresueveypicos.com\/de\/#\/schema\/person\/image\/\",\"url\":\"https:\/\/secure.gravatar.com\/avatar\/e2e6cdcb938c280be135b0c8778bd9e10cea87203178064634f6af1e4707b00d?s=96&d=mm&r=g\",\"contentUrl\":\"https:\/\/secure.gravatar.com\/avatar\/e2e6cdcb938c280be135b0c8778bd9e10cea87203178064634f6af1e4707b00d?s=96&d=mm&r=g\",\"caption\":\"Casa Rural entre Sueve y Picos\"},\"url\":\"https:\/\/casaentresueveypicos.com\/de\/author\/traduccion\/\"}]}<\/script>\n<!-- \/ Yoast SEO plugin. -->","yoast_head_json":{"title":"Sonntagsmarkt in Cangas de On\u00eds - Casa entre Sueve y Picos","robots":{"index":"index","follow":"follow","max-snippet":"max-snippet:-1","max-image-preview":"max-image-preview:large","max-video-preview":"max-video-preview:-1"},"canonical":"https:\/\/casaentresueveypicos.com\/de\/sonntagsmarkt-in-cangas-de-onis\/","og_locale":"de_DE","og_type":"article","og_title":"Sonntagsmarkt in Cangas de On\u00eds - Casa entre Sueve y Picos","og_description":"Sonntagsmarkt in Cangas de On\u00eds Es ist einer der wichtigsten M\u00e4rkte in der Region der Picos de Europa. Dort bieten die Landwirte pers\u00f6nlich die frischen, typischen und authentischen Produkte zu sehr guten Preisen an. Produkte wie K\u00e4se, Wurstwaren, Gem\u00fcse, H\u00fclsenfr\u00fccht, Textilien und Basarprodukte unter anderem. Es herrscht eine festliche und gem\u00fctliche Atmosph\u00e4re.","og_url":"https:\/\/casaentresueveypicos.com\/de\/sonntagsmarkt-in-cangas-de-onis\/","og_site_name":"Casa entre Sueve y Picos","article_published_time":"2021-06-02T21:37:10+00:00","og_image":[{"width":600,"height":400,"url":"https:\/\/casaentresueveypicos.com\/wp-content\/uploads\/2021\/05\/6256695657_0e3bb72a0f_o.jpg","type":"image\/jpeg"}],"author":"Casa Rural entre Sueve y Picos","twitter_card":"summary_large_image","twitter_misc":{"Verfasst von":"Casa Rural entre Sueve y Picos"},"schema":{"@context":"https:\/\/schema.org","@graph":[{"@type":"WebPage","@id":"https:\/\/casaentresueveypicos.com\/de\/sonntagsmarkt-in-cangas-de-onis\/","url":"https:\/\/casaentresueveypicos.com\/de\/sonntagsmarkt-in-cangas-de-onis\/","name":"Sonntagsmarkt in Cangas de On\u00eds - Casa entre Sueve y Picos","isPartOf":{"@id":"https:\/\/casaentresueveypicos.com\/de\/#website"},"primaryImageOfPage":{"@id":"https:\/\/casaentresueveypicos.com\/de\/sonntagsmarkt-in-cangas-de-onis\/#primaryimage"},"image":{"@id":"https:\/\/casaentresueveypicos.com\/de\/sonntagsmarkt-in-cangas-de-onis\/#primaryimage"},"thumbnailUrl":"https:\/\/casaentresueveypicos.com\/wp-content\/uploads\/2021\/05\/6256695657_0e3bb72a0f_o.jpg","datePublished":"2021-06-02T21:37:10+00:00","author":{"@id":"https:\/\/casaentresueveypicos.com\/de\/#\/schema\/person\/6d379ec9d2ddd015e942b798fe00c322"},"breadcrumb":{"@id":"https:\/\/casaentresueveypicos.com\/de\/sonntagsmarkt-in-cangas-de-onis\/#breadcrumb"},"inLanguage":"de","potentialAction":[{"@type":"ReadAction","target":["https:\/\/casaentresueveypicos.com\/de\/sonntagsmarkt-in-cangas-de-onis\/"]}]},{"@type":"ImageObject","inLanguage":"de","@id":"https:\/\/casaentresueveypicos.com\/de\/sonntagsmarkt-in-cangas-de-onis\/#primaryimage","url":"https:\/\/casaentresueveypicos.com\/wp-content\/uploads\/2021\/05\/6256695657_0e3bb72a0f_o.jpg","contentUrl":"https:\/\/casaentresueveypicos.com\/wp-content\/uploads\/2021\/05\/6256695657_0e3bb72a0f_o.jpg","width":600,"height":400,"caption":"Sonntagsmarkt in Cangas de On\u00eds"},{"@type":"BreadcrumbList","@id":"https:\/\/casaentresueveypicos.com\/de\/sonntagsmarkt-in-cangas-de-onis\/#breadcrumb","itemListElement":[{"@type":"ListItem","position":1,"name":"Inicio","item":"https:\/\/casaentresueveypicos.com\/de\/"},{"@type":"ListItem","position":2,"name":"Sonntagsmarkt in Cangas de On\u00eds"}]},{"@type":"WebSite","@id":"https:\/\/casaentresueveypicos.com\/de\/#website","url":"https:\/\/casaentresueveypicos.com\/de\/","name":"Casa entre Sueve y Picos","description":"Casa Rural en Arriondas","potentialAction":[{"@type":"SearchAction","target":{"@type":"EntryPoint","urlTemplate":"https:\/\/casaentresueveypicos.com\/de\/?s={search_term_string}"},"query-input":{"@type":"PropertyValueSpecification","valueRequired":true,"valueName":"search_term_string"}}],"inLanguage":"de"},{"@type":"Person","@id":"https:\/\/casaentresueveypicos.com\/de\/#\/schema\/person\/6d379ec9d2ddd015e942b798fe00c322","name":"Casa Rural entre Sueve y Picos","image":{"@type":"ImageObject","inLanguage":"de","@id":"https:\/\/casaentresueveypicos.com\/de\/#\/schema\/person\/image\/","url":"https:\/\/secure.gravatar.com\/avatar\/e2e6cdcb938c280be135b0c8778bd9e10cea87203178064634f6af1e4707b00d?s=96&d=mm&r=g","contentUrl":"https:\/\/secure.gravatar.com\/avatar\/e2e6cdcb938c280be135b0c8778bd9e10cea87203178064634f6af1e4707b00d?s=96&d=mm&r=g","caption":"Casa Rural entre Sueve y Picos"},"url":"https:\/\/casaentresueveypicos.com\/de\/author\/traduccion\/"}]}},"_links":{"self":[{"href":"https:\/\/casaentresueveypicos.com\/de\/wp-json\/wp\/v2\/posts\/5519","targetHints":{"allow":["GET"]}}],"collection":[{"href":"https:\/\/casaentresueveypicos.com\/de\/wp-json\/wp\/v2\/posts"}],"about":[{"href":"https:\/\/casaentresueveypicos.com\/de\/wp-json\/wp\/v2\/types\/post"}],"author":[{"embeddable":true,"href":"https:\/\/casaentresueveypicos.com\/de\/wp-json\/wp\/v2\/users\/3"}],"replies":[{"embeddable":true,"href":"https:\/\/casaentresueveypicos.com\/de\/wp-json\/wp\/v2\/comments?post=5519"}],"version-history":[{"count":0,"href":"https:\/\/casaentresueveypicos.com\/de\/wp-json\/wp\/v2\/posts\/5519\/revisions"}],"wp:featuredmedia":[{"embeddable":true,"href":"https:\/\/casaentresueveypicos.com\/de\/wp-json\/wp\/v2\/media\/4921"}],"wp:attachment":[{"href":"https:\/\/casaentresueveypicos.com\/de\/wp-json\/wp\/v2\/media?parent=5519"}],"wp:term":[{"taxonomy":"category","embeddable":true,"href":"https:\/\/casaentresueveypicos.com\/de\/wp-json\/wp\/v2\/categories?post=5519"},{"taxonomy":"post_tag","embeddable":true,"href":"https:\/\/casaentresueveypicos.com\/de\/wp-json\/wp\/v2\/tags?post=5519"}],"curies":[{"name":"wp","href":"https:\/\/api.w.org\/{rel}","templated":true}]}}