{"id":5498,"date":"2021-06-01T14:18:05","date_gmt":"2021-06-01T12:18:05","guid":{"rendered":"https:\/\/casaentresueveypicos.com\/ethnographisches-museum-im-osten-asturiens\/"},"modified":"2021-06-01T14:18:05","modified_gmt":"2021-06-01T12:18:05","slug":"ethnographisches-museum-im-osten-asturiens","status":"publish","type":"post","link":"https:\/\/casaentresueveypicos.com\/de\/ethnographisches-museum-im-osten-asturiens\/","title":{"rendered":"Ethnographisches Museum im Osten Asturiens"},"content":{"rendered":"<p>Ethnographisches Museum im Osten Asturiens, Porr\u00faa (Llanes) 42 km, 38 min vom Haus entfernt<\/p>\n<p><a href=\"https:\/\/etnoriente.com\/\">https:\/\/etnoriente.com\/<\/a><\/p>\n<p>Es ist ein kleiner Museumshof, der aus einem typischen alten asturischen Bauernhaus, einem Stall und einer Apfelweinm\u00fchle besteht. Im Haus besuchen Sie Lobby, K\u00fcche, Wohn- und Schlafzimmer.. Der Rundgang ist sehr umfassend. Es zeigt die handwerkliche Herstellung von K\u00e4se, Butter, Fliesen und Ziegeln, Textilien, Trachten, Tischlerwerkstatt und Holzschneidwerkzeugen. Die Gr\u00fcnderfamilie, die asturische Auswanderer Teresea Sordo Sordo und Luis Haces Sordo haben auch verschiedene pers\u00f6nliche Gegenst\u00e4nde gespendet.<\/p>\n<p>&nbsp;<\/p>\n","protected":false},"excerpt":{"rendered":"<p>Ethnographisches Museum im Osten Asturiens, Porr\u00faa (Llanes) 42 km, 38 min vom Haus entfernt https:\/\/etnoriente.com\/ Es ist ein kleiner Museumshof, der aus einem typischen alten asturischen Bauernhaus, einem Stall und einer Apfelweinm\u00fchle besteht. Im Haus besuchen Sie Lobby, K\u00fcche, Wohn- und Schlafzimmer.. Der Rundgang ist sehr umfassend. Es zeigt die handwerkliche Herstellung von K\u00e4se, Butter, [&hellip;]<\/p>\n","protected":false},"author":3,"featured_media":5049,"comment_status":"open","ping_status":"open","sticky":false,"template":"","format":"standard","meta":{"_joinchat":[],"footnotes":""},"categories":[113],"tags":[126,127],"class_list":["post-5498","post","type-post","status-publish","format-standard","has-post-thumbnail","hentry","category-kultur","tag-autorouten","tag-in-gruppe-oder-familie"],"yoast_head":"<!-- This site is optimized with the Yoast SEO plugin v25.1 - https:\/\/yoast.com\/wordpress\/plugins\/seo\/ -->\n<title>Ethnographisches Museum im Osten Asturiens - Casa entre Sueve y Picos<\/title>\n<meta name=\"robots\" content=\"index, follow, max-snippet:-1, max-image-preview:large, max-video-preview:-1\" \/>\n<link rel=\"canonical\" href=\"https:\/\/casaentresueveypicos.com\/de\/ethnographisches-museum-im-osten-asturiens\/\" \/>\n<meta property=\"og:locale\" content=\"de_DE\" \/>\n<meta property=\"og:type\" content=\"article\" \/>\n<meta property=\"og:title\" content=\"Ethnographisches Museum im Osten Asturiens - Casa entre Sueve y Picos\" \/>\n<meta property=\"og:description\" content=\"Ethnographisches Museum im Osten Asturiens, Porr\u00faa (Llanes) 42 km, 38 min vom Haus entfernt https:\/\/etnoriente.com\/ Es ist ein kleiner Museumshof, der aus einem typischen alten asturischen Bauernhaus, einem Stall und einer Apfelweinm\u00fchle besteht. Im Haus besuchen Sie Lobby, K\u00fcche, Wohn- und Schlafzimmer.. Der Rundgang ist sehr umfassend. Es zeigt die handwerkliche Herstellung von K\u00e4se, Butter, [&hellip;]\" \/>\n<meta property=\"og:url\" content=\"https:\/\/casaentresueveypicos.com\/de\/ethnographisches-museum-im-osten-asturiens\/\" \/>\n<meta property=\"og:site_name\" content=\"Casa entre Sueve y Picos\" \/>\n<meta property=\"article:published_time\" content=\"2021-06-01T12:18:05+00:00\" \/>\n<meta property=\"og:image\" content=\"https:\/\/casaentresueveypicos.com\/wp-content\/uploads\/2021\/05\/Museo-etnografico-Porrua.jpg\" \/>\n\t<meta property=\"og:image:width\" content=\"1000\" \/>\n\t<meta property=\"og:image:height\" content=\"667\" \/>\n\t<meta property=\"og:image:type\" content=\"image\/jpeg\" \/>\n<meta name=\"author\" content=\"Casa Rural entre Sueve y Picos\" \/>\n<meta name=\"twitter:card\" content=\"summary_large_image\" \/>\n<meta name=\"twitter:label1\" content=\"Verfasst von\" \/>\n\t<meta name=\"twitter:data1\" content=\"Casa Rural entre Sueve y Picos\" \/>\n<script type=\"application\/ld+json\" class=\"yoast-schema-graph\">{\"@context\":\"https:\/\/schema.org\",\"@graph\":[{\"@type\":\"WebPage\",\"@id\":\"https:\/\/casaentresueveypicos.com\/de\/ethnographisches-museum-im-osten-asturiens\/\",\"url\":\"https:\/\/casaentresueveypicos.com\/de\/ethnographisches-museum-im-osten-asturiens\/\",\"name\":\"Ethnographisches Museum im Osten Asturiens - Casa entre Sueve y Picos\",\"isPartOf\":{\"@id\":\"https:\/\/casaentresueveypicos.com\/de\/#website\"},\"primaryImageOfPage\":{\"@id\":\"https:\/\/casaentresueveypicos.com\/de\/ethnographisches-museum-im-osten-asturiens\/#primaryimage\"},\"image\":{\"@id\":\"https:\/\/casaentresueveypicos.com\/de\/ethnographisches-museum-im-osten-asturiens\/#primaryimage\"},\"thumbnailUrl\":\"https:\/\/casaentresueveypicos.com\/wp-content\/uploads\/2021\/05\/Museo-etnografico-Porrua.jpg\",\"datePublished\":\"2021-06-01T12:18:05+00:00\",\"author\":{\"@id\":\"https:\/\/casaentresueveypicos.com\/de\/#\/schema\/person\/6d379ec9d2ddd015e942b798fe00c322\"},\"breadcrumb\":{\"@id\":\"https:\/\/casaentresueveypicos.com\/de\/ethnographisches-museum-im-osten-asturiens\/#breadcrumb\"},\"inLanguage\":\"de\",\"potentialAction\":[{\"@type\":\"ReadAction\",\"target\":[\"https:\/\/casaentresueveypicos.com\/de\/ethnographisches-museum-im-osten-asturiens\/\"]}]},{\"@type\":\"ImageObject\",\"inLanguage\":\"de\",\"@id\":\"https:\/\/casaentresueveypicos.com\/de\/ethnographisches-museum-im-osten-asturiens\/#primaryimage\",\"url\":\"https:\/\/casaentresueveypicos.com\/wp-content\/uploads\/2021\/05\/Museo-etnografico-Porrua.jpg\",\"contentUrl\":\"https:\/\/casaentresueveypicos.com\/wp-content\/uploads\/2021\/05\/Museo-etnografico-Porrua.jpg\",\"width\":1000,\"height\":667,\"caption\":\"Hexenkessel - Etnographisches Museum in Porr\u00faa\"},{\"@type\":\"BreadcrumbList\",\"@id\":\"https:\/\/casaentresueveypicos.com\/de\/ethnographisches-museum-im-osten-asturiens\/#breadcrumb\",\"itemListElement\":[{\"@type\":\"ListItem\",\"position\":1,\"name\":\"Inicio\",\"item\":\"https:\/\/casaentresueveypicos.com\/de\/\"},{\"@type\":\"ListItem\",\"position\":2,\"name\":\"Ethnographisches Museum im Osten Asturiens\"}]},{\"@type\":\"WebSite\",\"@id\":\"https:\/\/casaentresueveypicos.com\/de\/#website\",\"url\":\"https:\/\/casaentresueveypicos.com\/de\/\",\"name\":\"Casa entre Sueve y Picos\",\"description\":\"Casa Rural en Arriondas\",\"potentialAction\":[{\"@type\":\"SearchAction\",\"target\":{\"@type\":\"EntryPoint\",\"urlTemplate\":\"https:\/\/casaentresueveypicos.com\/de\/?s={search_term_string}\"},\"query-input\":{\"@type\":\"PropertyValueSpecification\",\"valueRequired\":true,\"valueName\":\"search_term_string\"}}],\"inLanguage\":\"de\"},{\"@type\":\"Person\",\"@id\":\"https:\/\/casaentresueveypicos.com\/de\/#\/schema\/person\/6d379ec9d2ddd015e942b798fe00c322\",\"name\":\"Casa Rural entre Sueve y Picos\",\"image\":{\"@type\":\"ImageObject\",\"inLanguage\":\"de\",\"@id\":\"https:\/\/casaentresueveypicos.com\/de\/#\/schema\/person\/image\/\",\"url\":\"https:\/\/secure.gravatar.com\/avatar\/e2e6cdcb938c280be135b0c8778bd9e10cea87203178064634f6af1e4707b00d?s=96&d=mm&r=g\",\"contentUrl\":\"https:\/\/secure.gravatar.com\/avatar\/e2e6cdcb938c280be135b0c8778bd9e10cea87203178064634f6af1e4707b00d?s=96&d=mm&r=g\",\"caption\":\"Casa Rural entre Sueve y Picos\"},\"url\":\"https:\/\/casaentresueveypicos.com\/de\/author\/traduccion\/\"}]}<\/script>\n<!-- \/ Yoast SEO plugin. -->","yoast_head_json":{"title":"Ethnographisches Museum im Osten Asturiens - Casa entre Sueve y Picos","robots":{"index":"index","follow":"follow","max-snippet":"max-snippet:-1","max-image-preview":"max-image-preview:large","max-video-preview":"max-video-preview:-1"},"canonical":"https:\/\/casaentresueveypicos.com\/de\/ethnographisches-museum-im-osten-asturiens\/","og_locale":"de_DE","og_type":"article","og_title":"Ethnographisches Museum im Osten Asturiens - Casa entre Sueve y Picos","og_description":"Ethnographisches Museum im Osten Asturiens, Porr\u00faa (Llanes) 42 km, 38 min vom Haus entfernt https:\/\/etnoriente.com\/ Es ist ein kleiner Museumshof, der aus einem typischen alten asturischen Bauernhaus, einem Stall und einer Apfelweinm\u00fchle besteht. Im Haus besuchen Sie Lobby, K\u00fcche, Wohn- und Schlafzimmer.. Der Rundgang ist sehr umfassend. Es zeigt die handwerkliche Herstellung von K\u00e4se, Butter, [&hellip;]","og_url":"https:\/\/casaentresueveypicos.com\/de\/ethnographisches-museum-im-osten-asturiens\/","og_site_name":"Casa entre Sueve y Picos","article_published_time":"2021-06-01T12:18:05+00:00","og_image":[{"width":1000,"height":667,"url":"https:\/\/casaentresueveypicos.com\/wp-content\/uploads\/2021\/05\/Museo-etnografico-Porrua.jpg","type":"image\/jpeg"}],"author":"Casa Rural entre Sueve y Picos","twitter_card":"summary_large_image","twitter_misc":{"Verfasst von":"Casa Rural entre Sueve y Picos"},"schema":{"@context":"https:\/\/schema.org","@graph":[{"@type":"WebPage","@id":"https:\/\/casaentresueveypicos.com\/de\/ethnographisches-museum-im-osten-asturiens\/","url":"https:\/\/casaentresueveypicos.com\/de\/ethnographisches-museum-im-osten-asturiens\/","name":"Ethnographisches Museum im Osten Asturiens - Casa entre Sueve y Picos","isPartOf":{"@id":"https:\/\/casaentresueveypicos.com\/de\/#website"},"primaryImageOfPage":{"@id":"https:\/\/casaentresueveypicos.com\/de\/ethnographisches-museum-im-osten-asturiens\/#primaryimage"},"image":{"@id":"https:\/\/casaentresueveypicos.com\/de\/ethnographisches-museum-im-osten-asturiens\/#primaryimage"},"thumbnailUrl":"https:\/\/casaentresueveypicos.com\/wp-content\/uploads\/2021\/05\/Museo-etnografico-Porrua.jpg","datePublished":"2021-06-01T12:18:05+00:00","author":{"@id":"https:\/\/casaentresueveypicos.com\/de\/#\/schema\/person\/6d379ec9d2ddd015e942b798fe00c322"},"breadcrumb":{"@id":"https:\/\/casaentresueveypicos.com\/de\/ethnographisches-museum-im-osten-asturiens\/#breadcrumb"},"inLanguage":"de","potentialAction":[{"@type":"ReadAction","target":["https:\/\/casaentresueveypicos.com\/de\/ethnographisches-museum-im-osten-asturiens\/"]}]},{"@type":"ImageObject","inLanguage":"de","@id":"https:\/\/casaentresueveypicos.com\/de\/ethnographisches-museum-im-osten-asturiens\/#primaryimage","url":"https:\/\/casaentresueveypicos.com\/wp-content\/uploads\/2021\/05\/Museo-etnografico-Porrua.jpg","contentUrl":"https:\/\/casaentresueveypicos.com\/wp-content\/uploads\/2021\/05\/Museo-etnografico-Porrua.jpg","width":1000,"height":667,"caption":"Hexenkessel - Etnographisches Museum in Porr\u00faa"},{"@type":"BreadcrumbList","@id":"https:\/\/casaentresueveypicos.com\/de\/ethnographisches-museum-im-osten-asturiens\/#breadcrumb","itemListElement":[{"@type":"ListItem","position":1,"name":"Inicio","item":"https:\/\/casaentresueveypicos.com\/de\/"},{"@type":"ListItem","position":2,"name":"Ethnographisches Museum im Osten Asturiens"}]},{"@type":"WebSite","@id":"https:\/\/casaentresueveypicos.com\/de\/#website","url":"https:\/\/casaentresueveypicos.com\/de\/","name":"Casa entre Sueve y Picos","description":"Casa Rural en Arriondas","potentialAction":[{"@type":"SearchAction","target":{"@type":"EntryPoint","urlTemplate":"https:\/\/casaentresueveypicos.com\/de\/?s={search_term_string}"},"query-input":{"@type":"PropertyValueSpecification","valueRequired":true,"valueName":"search_term_string"}}],"inLanguage":"de"},{"@type":"Person","@id":"https:\/\/casaentresueveypicos.com\/de\/#\/schema\/person\/6d379ec9d2ddd015e942b798fe00c322","name":"Casa Rural entre Sueve y Picos","image":{"@type":"ImageObject","inLanguage":"de","@id":"https:\/\/casaentresueveypicos.com\/de\/#\/schema\/person\/image\/","url":"https:\/\/secure.gravatar.com\/avatar\/e2e6cdcb938c280be135b0c8778bd9e10cea87203178064634f6af1e4707b00d?s=96&d=mm&r=g","contentUrl":"https:\/\/secure.gravatar.com\/avatar\/e2e6cdcb938c280be135b0c8778bd9e10cea87203178064634f6af1e4707b00d?s=96&d=mm&r=g","caption":"Casa Rural entre Sueve y Picos"},"url":"https:\/\/casaentresueveypicos.com\/de\/author\/traduccion\/"}]}},"_links":{"self":[{"href":"https:\/\/casaentresueveypicos.com\/de\/wp-json\/wp\/v2\/posts\/5498","targetHints":{"allow":["GET"]}}],"collection":[{"href":"https:\/\/casaentresueveypicos.com\/de\/wp-json\/wp\/v2\/posts"}],"about":[{"href":"https:\/\/casaentresueveypicos.com\/de\/wp-json\/wp\/v2\/types\/post"}],"author":[{"embeddable":true,"href":"https:\/\/casaentresueveypicos.com\/de\/wp-json\/wp\/v2\/users\/3"}],"replies":[{"embeddable":true,"href":"https:\/\/casaentresueveypicos.com\/de\/wp-json\/wp\/v2\/comments?post=5498"}],"version-history":[{"count":0,"href":"https:\/\/casaentresueveypicos.com\/de\/wp-json\/wp\/v2\/posts\/5498\/revisions"}],"wp:featuredmedia":[{"embeddable":true,"href":"https:\/\/casaentresueveypicos.com\/de\/wp-json\/wp\/v2\/media\/5049"}],"wp:attachment":[{"href":"https:\/\/casaentresueveypicos.com\/de\/wp-json\/wp\/v2\/media?parent=5498"}],"wp:term":[{"taxonomy":"category","embeddable":true,"href":"https:\/\/casaentresueveypicos.com\/de\/wp-json\/wp\/v2\/categories?post=5498"},{"taxonomy":"post_tag","embeddable":true,"href":"https:\/\/casaentresueveypicos.com\/de\/wp-json\/wp\/v2\/tags?post=5498"}],"curies":[{"name":"wp","href":"https:\/\/api.w.org\/{rel}","templated":true}]}}