{"id":5490,"date":"2021-05-31T00:34:05","date_gmt":"2021-05-30T22:34:05","guid":{"rendered":"https:\/\/casaentresueveypicos.com\/interpretationszentrum-des-karst-und-felslebensraums-justo-del-castillo\/"},"modified":"2021-05-31T00:34:05","modified_gmt":"2021-05-30T22:34:05","slug":"interpretationszentrum-des-karst-und-felslebensraums-justo-del-castillo","status":"publish","type":"post","link":"https:\/\/casaentresueveypicos.com\/de\/interpretationszentrum-des-karst-und-felslebensraums-justo-del-castillo\/","title":{"rendered":"Interpretationszentrum des Karst- und Felslebensraums &#8222;Justo del Castillo&#8220;"},"content":{"rendered":"<p>Santill\u00e1n Amieva, 20 km &#8211; 23 min von zuhause entfernt<\/p>\n<p>Einmal in <strong>Santill\u00e1n,<\/strong> ausser<strong> der<a class=\"broken_link\" href=\"http:\/\/www.casaentresueveypicos.com\/senda-mitologica-del-beyu-pen\">mythologischen Wanderroute &#8222;Beyu Pen&#8220; ,<\/a> <\/strong>k\u00f6nnen Sie auch das<strong>Interpretationszentrum<\/strong><strong>des Karst- und Felslebensraums &#8222;Justo del Castillo&#8220;<\/strong>besuchen. Dort geht es um das Karstph\u00e4nomen in der Landschaft <strong>im Osten Asturiens<\/strong> und die Nachbildung der Pr\u00e4geschichte und des H\u00f6hlenlebensraums, indem die in der Collubil-H\u00f6hle in Campurriondi gefundenen Objekte ausgestellt werden. <strong>Amieva.<\/strong><\/p>\n<p>Dieses Zentrum bildet den <strong>H\u00f6hlenlebensraum<\/strong> der <strong>Picos de Europa<\/strong> und macht die Funde der Collubil H\u00f6hle und der Karst bekannt, die durch die Wirkung von mit Kohlendioxid gef\u00fclltem Wasser auf Ablagerungen von l\u00f6slichem Gestein wie Kalk entstanden sind.<\/p>\n<div><\/div>\n<div>\u00d6ffnungszeiten:<\/div>\n<div><\/div>\n<div>Sommer: Freitag, Samstag und Sonntag: von 11:00 h bis 14:00 h und von 16:30 h bis 19:00 h.<\/div>\n<div>Ostern, lange Wochenenden und Feiertage: von 11:00 h bis 17: 00 h.<\/div>\n<div>M\u00f6glichkeit des ganzj\u00e4hrigen Besuchs von Gruppen. Eine vorherige Reservierung ist unbedingt erforderlich.<\/div>\n<div><\/div>\n<div>Kontakt<\/div>\n<div>Telefon: 985 944 832<\/div>\n<div><\/div>\n<div>GPS &#8211; Koordinaten:<\/div>\n<div class=\"maps\">Breitengrad: 43.272612\u00ba L\u00e4ngengrad: -5.143147\u00ba<\/div>\n","protected":false},"excerpt":{"rendered":"<p>Santill\u00e1n Amieva, 20 km &#8211; 23 min von zuhause entfernt Einmal in Santill\u00e1n, ausser dermythologischen Wanderroute &#8222;Beyu Pen&#8220; , k\u00f6nnen Sie auch dasInterpretationszentrumdes Karst- und Felslebensraums &#8222;Justo del Castillo&#8220;besuchen. Dort geht es um das Karstph\u00e4nomen in der Landschaft im Osten Asturiens und die Nachbildung der Pr\u00e4geschichte und des H\u00f6hlenlebensraums, indem die in der Collubil-H\u00f6hle in [&hellip;]<\/p>\n","protected":false},"author":3,"featured_media":5071,"comment_status":"open","ping_status":"open","sticky":false,"template":"","format":"standard","meta":{"_joinchat":[],"footnotes":""},"categories":[113],"tags":[127],"class_list":["post-5490","post","type-post","status-publish","format-standard","has-post-thumbnail","hentry","category-kultur","tag-in-gruppe-oder-familie"],"yoast_head":"<!-- This site is optimized with the Yoast SEO plugin v25.1 - https:\/\/yoast.com\/wordpress\/plugins\/seo\/ -->\n<title>Interpretationszentrum des Karst- und Felslebensraums &quot;Justo del Castillo&quot; - Casa entre Sueve y Picos<\/title>\n<meta name=\"robots\" content=\"index, follow, max-snippet:-1, max-image-preview:large, max-video-preview:-1\" \/>\n<link rel=\"canonical\" href=\"https:\/\/casaentresueveypicos.com\/de\/interpretationszentrum-des-karst-und-felslebensraums-justo-del-castillo\/\" \/>\n<meta property=\"og:locale\" content=\"de_DE\" \/>\n<meta property=\"og:type\" content=\"article\" \/>\n<meta property=\"og:title\" content=\"Interpretationszentrum des Karst- und Felslebensraums &quot;Justo del Castillo&quot; - Casa entre Sueve y Picos\" \/>\n<meta property=\"og:description\" content=\"Santill\u00e1n Amieva, 20 km &#8211; 23 min von zuhause entfernt Einmal in Santill\u00e1n, ausser dermythologischen Wanderroute &#8222;Beyu Pen&#8220; , k\u00f6nnen Sie auch dasInterpretationszentrumdes Karst- und Felslebensraums &#8222;Justo del Castillo&#8220;besuchen. Dort geht es um das Karstph\u00e4nomen in der Landschaft im Osten Asturiens und die Nachbildung der Pr\u00e4geschichte und des H\u00f6hlenlebensraums, indem die in der Collubil-H\u00f6hle in [&hellip;]\" \/>\n<meta property=\"og:url\" content=\"https:\/\/casaentresueveypicos.com\/de\/interpretationszentrum-des-karst-und-felslebensraums-justo-del-castillo\/\" \/>\n<meta property=\"og:site_name\" content=\"Casa entre Sueve y Picos\" \/>\n<meta property=\"article:published_time\" content=\"2021-05-30T22:34:05+00:00\" \/>\n<meta property=\"og:image\" content=\"https:\/\/casaentresueveypicos.com\/wp-content\/uploads\/2021\/05\/Centro-de-Interpretacion-del-Karst-en-Amieva.jpg\" \/>\n\t<meta property=\"og:image:width\" content=\"1080\" \/>\n\t<meta property=\"og:image:height\" content=\"1277\" \/>\n\t<meta property=\"og:image:type\" content=\"image\/jpeg\" \/>\n<meta name=\"author\" content=\"Casa Rural entre Sueve y Picos\" \/>\n<meta name=\"twitter:card\" content=\"summary_large_image\" \/>\n<meta name=\"twitter:label1\" content=\"Verfasst von\" \/>\n\t<meta name=\"twitter:data1\" content=\"Casa Rural entre Sueve y Picos\" \/>\n\t<meta name=\"twitter:label2\" content=\"Gesch\u00e4tzte Lesezeit\" \/>\n\t<meta name=\"twitter:data2\" content=\"1\u00a0Minute\" \/>\n<script type=\"application\/ld+json\" class=\"yoast-schema-graph\">{\"@context\":\"https:\/\/schema.org\",\"@graph\":[{\"@type\":\"WebPage\",\"@id\":\"https:\/\/casaentresueveypicos.com\/de\/interpretationszentrum-des-karst-und-felslebensraums-justo-del-castillo\/\",\"url\":\"https:\/\/casaentresueveypicos.com\/de\/interpretationszentrum-des-karst-und-felslebensraums-justo-del-castillo\/\",\"name\":\"Interpretationszentrum des Karst- und Felslebensraums \\\"Justo del Castillo\\\" - Casa entre Sueve y Picos\",\"isPartOf\":{\"@id\":\"https:\/\/casaentresueveypicos.com\/de\/#website\"},\"primaryImageOfPage\":{\"@id\":\"https:\/\/casaentresueveypicos.com\/de\/interpretationszentrum-des-karst-und-felslebensraums-justo-del-castillo\/#primaryimage\"},\"image\":{\"@id\":\"https:\/\/casaentresueveypicos.com\/de\/interpretationszentrum-des-karst-und-felslebensraums-justo-del-castillo\/#primaryimage\"},\"thumbnailUrl\":\"https:\/\/casaentresueveypicos.com\/wp-content\/uploads\/2021\/05\/Centro-de-Interpretacion-del-Karst-en-Amieva.jpg\",\"datePublished\":\"2021-05-30T22:34:05+00:00\",\"author\":{\"@id\":\"https:\/\/casaentresueveypicos.com\/de\/#\/schema\/person\/6d379ec9d2ddd015e942b798fe00c322\"},\"breadcrumb\":{\"@id\":\"https:\/\/casaentresueveypicos.com\/de\/interpretationszentrum-des-karst-und-felslebensraums-justo-del-castillo\/#breadcrumb\"},\"inLanguage\":\"de\",\"potentialAction\":[{\"@type\":\"ReadAction\",\"target\":[\"https:\/\/casaentresueveypicos.com\/de\/interpretationszentrum-des-karst-und-felslebensraums-justo-del-castillo\/\"]}]},{\"@type\":\"ImageObject\",\"inLanguage\":\"de\",\"@id\":\"https:\/\/casaentresueveypicos.com\/de\/interpretationszentrum-des-karst-und-felslebensraums-justo-del-castillo\/#primaryimage\",\"url\":\"https:\/\/casaentresueveypicos.com\/wp-content\/uploads\/2021\/05\/Centro-de-Interpretacion-del-Karst-en-Amieva.jpg\",\"contentUrl\":\"https:\/\/casaentresueveypicos.com\/wp-content\/uploads\/2021\/05\/Centro-de-Interpretacion-del-Karst-en-Amieva.jpg\",\"width\":1080,\"height\":1277,\"caption\":\"Interpretationszentrum des Karst und der Vorgeschichte \\\"Justo del Castillo\\\"\"},{\"@type\":\"BreadcrumbList\",\"@id\":\"https:\/\/casaentresueveypicos.com\/de\/interpretationszentrum-des-karst-und-felslebensraums-justo-del-castillo\/#breadcrumb\",\"itemListElement\":[{\"@type\":\"ListItem\",\"position\":1,\"name\":\"Inicio\",\"item\":\"https:\/\/casaentresueveypicos.com\/de\/\"},{\"@type\":\"ListItem\",\"position\":2,\"name\":\"Interpretationszentrum des Karst- und Felslebensraums &#8222;Justo del Castillo&#8220;\"}]},{\"@type\":\"WebSite\",\"@id\":\"https:\/\/casaentresueveypicos.com\/de\/#website\",\"url\":\"https:\/\/casaentresueveypicos.com\/de\/\",\"name\":\"Casa entre Sueve y Picos\",\"description\":\"Casa Rural en Arriondas\",\"potentialAction\":[{\"@type\":\"SearchAction\",\"target\":{\"@type\":\"EntryPoint\",\"urlTemplate\":\"https:\/\/casaentresueveypicos.com\/de\/?s={search_term_string}\"},\"query-input\":{\"@type\":\"PropertyValueSpecification\",\"valueRequired\":true,\"valueName\":\"search_term_string\"}}],\"inLanguage\":\"de\"},{\"@type\":\"Person\",\"@id\":\"https:\/\/casaentresueveypicos.com\/de\/#\/schema\/person\/6d379ec9d2ddd015e942b798fe00c322\",\"name\":\"Casa Rural entre Sueve y Picos\",\"image\":{\"@type\":\"ImageObject\",\"inLanguage\":\"de\",\"@id\":\"https:\/\/casaentresueveypicos.com\/de\/#\/schema\/person\/image\/\",\"url\":\"https:\/\/secure.gravatar.com\/avatar\/e2e6cdcb938c280be135b0c8778bd9e10cea87203178064634f6af1e4707b00d?s=96&d=mm&r=g\",\"contentUrl\":\"https:\/\/secure.gravatar.com\/avatar\/e2e6cdcb938c280be135b0c8778bd9e10cea87203178064634f6af1e4707b00d?s=96&d=mm&r=g\",\"caption\":\"Casa Rural entre Sueve y Picos\"},\"url\":\"https:\/\/casaentresueveypicos.com\/de\/author\/traduccion\/\"}]}<\/script>\n<!-- \/ Yoast SEO plugin. -->","yoast_head_json":{"title":"Interpretationszentrum des Karst- und Felslebensraums \"Justo del Castillo\" - Casa entre Sueve y Picos","robots":{"index":"index","follow":"follow","max-snippet":"max-snippet:-1","max-image-preview":"max-image-preview:large","max-video-preview":"max-video-preview:-1"},"canonical":"https:\/\/casaentresueveypicos.com\/de\/interpretationszentrum-des-karst-und-felslebensraums-justo-del-castillo\/","og_locale":"de_DE","og_type":"article","og_title":"Interpretationszentrum des Karst- und Felslebensraums \"Justo del Castillo\" - Casa entre Sueve y Picos","og_description":"Santill\u00e1n Amieva, 20 km &#8211; 23 min von zuhause entfernt Einmal in Santill\u00e1n, ausser dermythologischen Wanderroute &#8222;Beyu Pen&#8220; , k\u00f6nnen Sie auch dasInterpretationszentrumdes Karst- und Felslebensraums &#8222;Justo del Castillo&#8220;besuchen. Dort geht es um das Karstph\u00e4nomen in der Landschaft im Osten Asturiens und die Nachbildung der Pr\u00e4geschichte und des H\u00f6hlenlebensraums, indem die in der Collubil-H\u00f6hle in [&hellip;]","og_url":"https:\/\/casaentresueveypicos.com\/de\/interpretationszentrum-des-karst-und-felslebensraums-justo-del-castillo\/","og_site_name":"Casa entre Sueve y Picos","article_published_time":"2021-05-30T22:34:05+00:00","og_image":[{"width":1080,"height":1277,"url":"https:\/\/casaentresueveypicos.com\/wp-content\/uploads\/2021\/05\/Centro-de-Interpretacion-del-Karst-en-Amieva.jpg","type":"image\/jpeg"}],"author":"Casa Rural entre Sueve y Picos","twitter_card":"summary_large_image","twitter_misc":{"Verfasst von":"Casa Rural entre Sueve y Picos","Gesch\u00e4tzte Lesezeit":"1\u00a0Minute"},"schema":{"@context":"https:\/\/schema.org","@graph":[{"@type":"WebPage","@id":"https:\/\/casaentresueveypicos.com\/de\/interpretationszentrum-des-karst-und-felslebensraums-justo-del-castillo\/","url":"https:\/\/casaentresueveypicos.com\/de\/interpretationszentrum-des-karst-und-felslebensraums-justo-del-castillo\/","name":"Interpretationszentrum des Karst- und Felslebensraums \"Justo del Castillo\" - Casa entre Sueve y Picos","isPartOf":{"@id":"https:\/\/casaentresueveypicos.com\/de\/#website"},"primaryImageOfPage":{"@id":"https:\/\/casaentresueveypicos.com\/de\/interpretationszentrum-des-karst-und-felslebensraums-justo-del-castillo\/#primaryimage"},"image":{"@id":"https:\/\/casaentresueveypicos.com\/de\/interpretationszentrum-des-karst-und-felslebensraums-justo-del-castillo\/#primaryimage"},"thumbnailUrl":"https:\/\/casaentresueveypicos.com\/wp-content\/uploads\/2021\/05\/Centro-de-Interpretacion-del-Karst-en-Amieva.jpg","datePublished":"2021-05-30T22:34:05+00:00","author":{"@id":"https:\/\/casaentresueveypicos.com\/de\/#\/schema\/person\/6d379ec9d2ddd015e942b798fe00c322"},"breadcrumb":{"@id":"https:\/\/casaentresueveypicos.com\/de\/interpretationszentrum-des-karst-und-felslebensraums-justo-del-castillo\/#breadcrumb"},"inLanguage":"de","potentialAction":[{"@type":"ReadAction","target":["https:\/\/casaentresueveypicos.com\/de\/interpretationszentrum-des-karst-und-felslebensraums-justo-del-castillo\/"]}]},{"@type":"ImageObject","inLanguage":"de","@id":"https:\/\/casaentresueveypicos.com\/de\/interpretationszentrum-des-karst-und-felslebensraums-justo-del-castillo\/#primaryimage","url":"https:\/\/casaentresueveypicos.com\/wp-content\/uploads\/2021\/05\/Centro-de-Interpretacion-del-Karst-en-Amieva.jpg","contentUrl":"https:\/\/casaentresueveypicos.com\/wp-content\/uploads\/2021\/05\/Centro-de-Interpretacion-del-Karst-en-Amieva.jpg","width":1080,"height":1277,"caption":"Interpretationszentrum des Karst und der Vorgeschichte \"Justo del Castillo\""},{"@type":"BreadcrumbList","@id":"https:\/\/casaentresueveypicos.com\/de\/interpretationszentrum-des-karst-und-felslebensraums-justo-del-castillo\/#breadcrumb","itemListElement":[{"@type":"ListItem","position":1,"name":"Inicio","item":"https:\/\/casaentresueveypicos.com\/de\/"},{"@type":"ListItem","position":2,"name":"Interpretationszentrum des Karst- und Felslebensraums &#8222;Justo del Castillo&#8220;"}]},{"@type":"WebSite","@id":"https:\/\/casaentresueveypicos.com\/de\/#website","url":"https:\/\/casaentresueveypicos.com\/de\/","name":"Casa entre Sueve y Picos","description":"Casa Rural en Arriondas","potentialAction":[{"@type":"SearchAction","target":{"@type":"EntryPoint","urlTemplate":"https:\/\/casaentresueveypicos.com\/de\/?s={search_term_string}"},"query-input":{"@type":"PropertyValueSpecification","valueRequired":true,"valueName":"search_term_string"}}],"inLanguage":"de"},{"@type":"Person","@id":"https:\/\/casaentresueveypicos.com\/de\/#\/schema\/person\/6d379ec9d2ddd015e942b798fe00c322","name":"Casa Rural entre Sueve y Picos","image":{"@type":"ImageObject","inLanguage":"de","@id":"https:\/\/casaentresueveypicos.com\/de\/#\/schema\/person\/image\/","url":"https:\/\/secure.gravatar.com\/avatar\/e2e6cdcb938c280be135b0c8778bd9e10cea87203178064634f6af1e4707b00d?s=96&d=mm&r=g","contentUrl":"https:\/\/secure.gravatar.com\/avatar\/e2e6cdcb938c280be135b0c8778bd9e10cea87203178064634f6af1e4707b00d?s=96&d=mm&r=g","caption":"Casa Rural entre Sueve y Picos"},"url":"https:\/\/casaentresueveypicos.com\/de\/author\/traduccion\/"}]}},"_links":{"self":[{"href":"https:\/\/casaentresueveypicos.com\/de\/wp-json\/wp\/v2\/posts\/5490","targetHints":{"allow":["GET"]}}],"collection":[{"href":"https:\/\/casaentresueveypicos.com\/de\/wp-json\/wp\/v2\/posts"}],"about":[{"href":"https:\/\/casaentresueveypicos.com\/de\/wp-json\/wp\/v2\/types\/post"}],"author":[{"embeddable":true,"href":"https:\/\/casaentresueveypicos.com\/de\/wp-json\/wp\/v2\/users\/3"}],"replies":[{"embeddable":true,"href":"https:\/\/casaentresueveypicos.com\/de\/wp-json\/wp\/v2\/comments?post=5490"}],"version-history":[{"count":0,"href":"https:\/\/casaentresueveypicos.com\/de\/wp-json\/wp\/v2\/posts\/5490\/revisions"}],"wp:featuredmedia":[{"embeddable":true,"href":"https:\/\/casaentresueveypicos.com\/de\/wp-json\/wp\/v2\/media\/5071"}],"wp:attachment":[{"href":"https:\/\/casaentresueveypicos.com\/de\/wp-json\/wp\/v2\/media?parent=5490"}],"wp:term":[{"taxonomy":"category","embeddable":true,"href":"https:\/\/casaentresueveypicos.com\/de\/wp-json\/wp\/v2\/categories?post=5490"},{"taxonomy":"post_tag","embeddable":true,"href":"https:\/\/casaentresueveypicos.com\/de\/wp-json\/wp\/v2\/tags?post=5490"}],"curies":[{"name":"wp","href":"https:\/\/api.w.org\/{rel}","templated":true}]}}