{"id":5484,"date":"2021-05-30T23:28:42","date_gmt":"2021-05-30T21:28:42","guid":{"rendered":"https:\/\/casaentresueveypicos.com\/hoehlenmalerei-art-center-tito-bustillo\/"},"modified":"2021-05-30T23:28:42","modified_gmt":"2021-05-30T21:28:42","slug":"hoehlenmalerei-art-center-tito-bustillo","status":"publish","type":"post","link":"https:\/\/casaentresueveypicos.com\/de\/hoehlenmalerei-art-center-tito-bustillo\/","title":{"rendered":"H\u00f6hlenmalerei Art Center Tito Bustillo"},"content":{"rendered":"<p>H\u00f6hlenmalerei Tito Bustillo &#8211; Ribadesella, a 21 km- 25 min von zuhause entfernt<\/p>\n<p><a href=\"http:\/\/www.centrotitobustillo.com\">http:\/\/www.centrotitobustillo.com<\/a><\/p>\n<p>Die H\u00f6hle von Tito Bustillo ist eine der wichtigsten in der europ\u00e4ischen pal\u00e4olithischen Kunst. Dort finden Sie pr\u00e4historische Gem\u00e4lde aus den Jahren 33.000 &#8211; 10.000 v. C.. Seit 2008 ist es Teil der Liste der <a title=\"\" href=\"https:\/\/es.wikipedia.org\/wiki\/Patrimonio_de_la_Humanidad\">Weltkulturerbe<\/a> der <a title=\"Unesco\" href=\"https:\/\/es.wikipedia.org\/wiki\/Unesco\">Unesco. <\/a> Dort sehen Sie 12 Gruppen von Felsmalereien, die Rinder, Ziegen, Pferde, Rehe und HIrsche darstellen.<\/p>\n<p>Die H\u00f6hle wurde 1968 von Mitgliedern der BerggruppeTorreblanca aus Oviedo entdeckt. Wenige Tage nach ihrer Entdeckung starb eines der Mitglieder bei einem Unfall in den Bergen, und zu seiner Ehre wurde der urspr\u00fcngliche Name des Pozu l Ramu durch den jetzigen ersetzt.<\/p>\n<p>Die Kapazit\u00e4t ist auf maximal 15 Personen begrenzt, daher ist es ratsam, Tickets im Voraus zu kaufen.<\/p>\n<p>Seit 2011 befindet sich das Tito Bustillo Rock Art Center nur 250 Meter von der H\u00f6hle entfernt. Es ist ein Museum, das durch neue Technologien und moderne interaktive Systeme die pal\u00e4olithische Kunst Asturiens darstellt.<\/p>\n<p>Weitere Information und Tickets erhalten Sie unter <a href=\"https:\/\/centrotitobustillo.sacatuentrada.es\/\">https:\/\/centrotitobustillo.sacatuentrada.es\/.<\/a><\/p>\n<p>&nbsp;<\/p>\n<p>&nbsp;<\/p>\n","protected":false},"excerpt":{"rendered":"<p>H\u00f6hlenmalerei Tito Bustillo &#8211; Ribadesella, a 21 km- 25 min von zuhause entfernt http:\/\/www.centrotitobustillo.com Die H\u00f6hle von Tito Bustillo ist eine der wichtigsten in der europ\u00e4ischen pal\u00e4olithischen Kunst. Dort finden Sie pr\u00e4historische Gem\u00e4lde aus den Jahren 33.000 &#8211; 10.000 v. C.. Seit 2008 ist es Teil der Liste der Weltkulturerbe der Unesco. Dort sehen Sie [&hellip;]<\/p>\n","protected":false},"author":3,"featured_media":5077,"comment_status":"open","ping_status":"open","sticky":false,"template":"","format":"standard","meta":{"_joinchat":[],"footnotes":""},"categories":[113],"tags":[127],"class_list":["post-5484","post","type-post","status-publish","format-standard","has-post-thumbnail","hentry","category-kultur","tag-in-gruppe-oder-familie"],"yoast_head":"<!-- This site is optimized with the Yoast SEO plugin v25.1 - https:\/\/yoast.com\/wordpress\/plugins\/seo\/ -->\n<title>H\u00f6hlenmalerei Art Center Tito Bustillo - Casa entre Sueve y Picos<\/title>\n<meta name=\"robots\" content=\"index, follow, max-snippet:-1, max-image-preview:large, max-video-preview:-1\" \/>\n<link rel=\"canonical\" href=\"https:\/\/casaentresueveypicos.com\/de\/hoehlenmalerei-art-center-tito-bustillo\/\" \/>\n<meta property=\"og:locale\" content=\"de_DE\" \/>\n<meta property=\"og:type\" content=\"article\" \/>\n<meta property=\"og:title\" content=\"H\u00f6hlenmalerei Art Center Tito Bustillo - Casa entre Sueve y Picos\" \/>\n<meta property=\"og:description\" content=\"H\u00f6hlenmalerei Tito Bustillo &#8211; Ribadesella, a 21 km- 25 min von zuhause entfernt http:\/\/www.centrotitobustillo.com Die H\u00f6hle von Tito Bustillo ist eine der wichtigsten in der europ\u00e4ischen pal\u00e4olithischen Kunst. Dort finden Sie pr\u00e4historische Gem\u00e4lde aus den Jahren 33.000 &#8211; 10.000 v. C.. Seit 2008 ist es Teil der Liste der Weltkulturerbe der Unesco. Dort sehen Sie [&hellip;]\" \/>\n<meta property=\"og:url\" content=\"https:\/\/casaentresueveypicos.com\/de\/hoehlenmalerei-art-center-tito-bustillo\/\" \/>\n<meta property=\"og:site_name\" content=\"Casa entre Sueve y Picos\" \/>\n<meta property=\"article:published_time\" content=\"2021-05-30T21:28:42+00:00\" \/>\n<meta property=\"og:image\" content=\"https:\/\/casaentresueveypicos.com\/wp-content\/uploads\/2021\/05\/Cueva-de-Tito-Bustillo.jpg\" \/>\n\t<meta property=\"og:image:width\" content=\"600\" \/>\n\t<meta property=\"og:image:height\" content=\"450\" \/>\n\t<meta property=\"og:image:type\" content=\"image\/jpeg\" \/>\n<meta name=\"author\" content=\"Casa Rural entre Sueve y Picos\" \/>\n<meta name=\"twitter:card\" content=\"summary_large_image\" \/>\n<meta name=\"twitter:label1\" content=\"Verfasst von\" \/>\n\t<meta name=\"twitter:data1\" content=\"Casa Rural entre Sueve y Picos\" \/>\n\t<meta name=\"twitter:label2\" content=\"Gesch\u00e4tzte Lesezeit\" \/>\n\t<meta name=\"twitter:data2\" content=\"1\u00a0Minute\" \/>\n<script type=\"application\/ld+json\" class=\"yoast-schema-graph\">{\"@context\":\"https:\/\/schema.org\",\"@graph\":[{\"@type\":\"WebPage\",\"@id\":\"https:\/\/casaentresueveypicos.com\/de\/hoehlenmalerei-art-center-tito-bustillo\/\",\"url\":\"https:\/\/casaentresueveypicos.com\/de\/hoehlenmalerei-art-center-tito-bustillo\/\",\"name\":\"H\u00f6hlenmalerei Art Center Tito Bustillo - Casa entre Sueve y Picos\",\"isPartOf\":{\"@id\":\"https:\/\/casaentresueveypicos.com\/de\/#website\"},\"primaryImageOfPage\":{\"@id\":\"https:\/\/casaentresueveypicos.com\/de\/hoehlenmalerei-art-center-tito-bustillo\/#primaryimage\"},\"image\":{\"@id\":\"https:\/\/casaentresueveypicos.com\/de\/hoehlenmalerei-art-center-tito-bustillo\/#primaryimage\"},\"thumbnailUrl\":\"https:\/\/casaentresueveypicos.com\/wp-content\/uploads\/2021\/05\/Cueva-de-Tito-Bustillo.jpg\",\"datePublished\":\"2021-05-30T21:28:42+00:00\",\"author\":{\"@id\":\"https:\/\/casaentresueveypicos.com\/de\/#\/schema\/person\/6d379ec9d2ddd015e942b798fe00c322\"},\"breadcrumb\":{\"@id\":\"https:\/\/casaentresueveypicos.com\/de\/hoehlenmalerei-art-center-tito-bustillo\/#breadcrumb\"},\"inLanguage\":\"de\",\"potentialAction\":[{\"@type\":\"ReadAction\",\"target\":[\"https:\/\/casaentresueveypicos.com\/de\/hoehlenmalerei-art-center-tito-bustillo\/\"]}]},{\"@type\":\"ImageObject\",\"inLanguage\":\"de\",\"@id\":\"https:\/\/casaentresueveypicos.com\/de\/hoehlenmalerei-art-center-tito-bustillo\/#primaryimage\",\"url\":\"https:\/\/casaentresueveypicos.com\/wp-content\/uploads\/2021\/05\/Cueva-de-Tito-Bustillo.jpg\",\"contentUrl\":\"https:\/\/casaentresueveypicos.com\/wp-content\/uploads\/2021\/05\/Cueva-de-Tito-Bustillo.jpg\",\"width\":600,\"height\":450,\"caption\":\"H\u00f6hlenmalerei Tito Bustillo\"},{\"@type\":\"BreadcrumbList\",\"@id\":\"https:\/\/casaentresueveypicos.com\/de\/hoehlenmalerei-art-center-tito-bustillo\/#breadcrumb\",\"itemListElement\":[{\"@type\":\"ListItem\",\"position\":1,\"name\":\"Inicio\",\"item\":\"https:\/\/casaentresueveypicos.com\/de\/\"},{\"@type\":\"ListItem\",\"position\":2,\"name\":\"H\u00f6hlenmalerei Art Center Tito Bustillo\"}]},{\"@type\":\"WebSite\",\"@id\":\"https:\/\/casaentresueveypicos.com\/de\/#website\",\"url\":\"https:\/\/casaentresueveypicos.com\/de\/\",\"name\":\"Casa entre Sueve y Picos\",\"description\":\"Casa Rural en Arriondas\",\"potentialAction\":[{\"@type\":\"SearchAction\",\"target\":{\"@type\":\"EntryPoint\",\"urlTemplate\":\"https:\/\/casaentresueveypicos.com\/de\/?s={search_term_string}\"},\"query-input\":{\"@type\":\"PropertyValueSpecification\",\"valueRequired\":true,\"valueName\":\"search_term_string\"}}],\"inLanguage\":\"de\"},{\"@type\":\"Person\",\"@id\":\"https:\/\/casaentresueveypicos.com\/de\/#\/schema\/person\/6d379ec9d2ddd015e942b798fe00c322\",\"name\":\"Casa Rural entre Sueve y Picos\",\"image\":{\"@type\":\"ImageObject\",\"inLanguage\":\"de\",\"@id\":\"https:\/\/casaentresueveypicos.com\/de\/#\/schema\/person\/image\/\",\"url\":\"https:\/\/secure.gravatar.com\/avatar\/e2e6cdcb938c280be135b0c8778bd9e10cea87203178064634f6af1e4707b00d?s=96&d=mm&r=g\",\"contentUrl\":\"https:\/\/secure.gravatar.com\/avatar\/e2e6cdcb938c280be135b0c8778bd9e10cea87203178064634f6af1e4707b00d?s=96&d=mm&r=g\",\"caption\":\"Casa Rural entre Sueve y Picos\"},\"url\":\"https:\/\/casaentresueveypicos.com\/de\/author\/traduccion\/\"}]}<\/script>\n<!-- \/ Yoast SEO plugin. -->","yoast_head_json":{"title":"H\u00f6hlenmalerei Art Center Tito Bustillo - Casa entre Sueve y Picos","robots":{"index":"index","follow":"follow","max-snippet":"max-snippet:-1","max-image-preview":"max-image-preview:large","max-video-preview":"max-video-preview:-1"},"canonical":"https:\/\/casaentresueveypicos.com\/de\/hoehlenmalerei-art-center-tito-bustillo\/","og_locale":"de_DE","og_type":"article","og_title":"H\u00f6hlenmalerei Art Center Tito Bustillo - Casa entre Sueve y Picos","og_description":"H\u00f6hlenmalerei Tito Bustillo &#8211; Ribadesella, a 21 km- 25 min von zuhause entfernt http:\/\/www.centrotitobustillo.com Die H\u00f6hle von Tito Bustillo ist eine der wichtigsten in der europ\u00e4ischen pal\u00e4olithischen Kunst. Dort finden Sie pr\u00e4historische Gem\u00e4lde aus den Jahren 33.000 &#8211; 10.000 v. C.. Seit 2008 ist es Teil der Liste der Weltkulturerbe der Unesco. Dort sehen Sie [&hellip;]","og_url":"https:\/\/casaentresueveypicos.com\/de\/hoehlenmalerei-art-center-tito-bustillo\/","og_site_name":"Casa entre Sueve y Picos","article_published_time":"2021-05-30T21:28:42+00:00","og_image":[{"width":600,"height":450,"url":"https:\/\/casaentresueveypicos.com\/wp-content\/uploads\/2021\/05\/Cueva-de-Tito-Bustillo.jpg","type":"image\/jpeg"}],"author":"Casa Rural entre Sueve y Picos","twitter_card":"summary_large_image","twitter_misc":{"Verfasst von":"Casa Rural entre Sueve y Picos","Gesch\u00e4tzte Lesezeit":"1\u00a0Minute"},"schema":{"@context":"https:\/\/schema.org","@graph":[{"@type":"WebPage","@id":"https:\/\/casaentresueveypicos.com\/de\/hoehlenmalerei-art-center-tito-bustillo\/","url":"https:\/\/casaentresueveypicos.com\/de\/hoehlenmalerei-art-center-tito-bustillo\/","name":"H\u00f6hlenmalerei Art Center Tito Bustillo - Casa entre Sueve y Picos","isPartOf":{"@id":"https:\/\/casaentresueveypicos.com\/de\/#website"},"primaryImageOfPage":{"@id":"https:\/\/casaentresueveypicos.com\/de\/hoehlenmalerei-art-center-tito-bustillo\/#primaryimage"},"image":{"@id":"https:\/\/casaentresueveypicos.com\/de\/hoehlenmalerei-art-center-tito-bustillo\/#primaryimage"},"thumbnailUrl":"https:\/\/casaentresueveypicos.com\/wp-content\/uploads\/2021\/05\/Cueva-de-Tito-Bustillo.jpg","datePublished":"2021-05-30T21:28:42+00:00","author":{"@id":"https:\/\/casaentresueveypicos.com\/de\/#\/schema\/person\/6d379ec9d2ddd015e942b798fe00c322"},"breadcrumb":{"@id":"https:\/\/casaentresueveypicos.com\/de\/hoehlenmalerei-art-center-tito-bustillo\/#breadcrumb"},"inLanguage":"de","potentialAction":[{"@type":"ReadAction","target":["https:\/\/casaentresueveypicos.com\/de\/hoehlenmalerei-art-center-tito-bustillo\/"]}]},{"@type":"ImageObject","inLanguage":"de","@id":"https:\/\/casaentresueveypicos.com\/de\/hoehlenmalerei-art-center-tito-bustillo\/#primaryimage","url":"https:\/\/casaentresueveypicos.com\/wp-content\/uploads\/2021\/05\/Cueva-de-Tito-Bustillo.jpg","contentUrl":"https:\/\/casaentresueveypicos.com\/wp-content\/uploads\/2021\/05\/Cueva-de-Tito-Bustillo.jpg","width":600,"height":450,"caption":"H\u00f6hlenmalerei Tito Bustillo"},{"@type":"BreadcrumbList","@id":"https:\/\/casaentresueveypicos.com\/de\/hoehlenmalerei-art-center-tito-bustillo\/#breadcrumb","itemListElement":[{"@type":"ListItem","position":1,"name":"Inicio","item":"https:\/\/casaentresueveypicos.com\/de\/"},{"@type":"ListItem","position":2,"name":"H\u00f6hlenmalerei Art Center Tito Bustillo"}]},{"@type":"WebSite","@id":"https:\/\/casaentresueveypicos.com\/de\/#website","url":"https:\/\/casaentresueveypicos.com\/de\/","name":"Casa entre Sueve y Picos","description":"Casa Rural en Arriondas","potentialAction":[{"@type":"SearchAction","target":{"@type":"EntryPoint","urlTemplate":"https:\/\/casaentresueveypicos.com\/de\/?s={search_term_string}"},"query-input":{"@type":"PropertyValueSpecification","valueRequired":true,"valueName":"search_term_string"}}],"inLanguage":"de"},{"@type":"Person","@id":"https:\/\/casaentresueveypicos.com\/de\/#\/schema\/person\/6d379ec9d2ddd015e942b798fe00c322","name":"Casa Rural entre Sueve y Picos","image":{"@type":"ImageObject","inLanguage":"de","@id":"https:\/\/casaentresueveypicos.com\/de\/#\/schema\/person\/image\/","url":"https:\/\/secure.gravatar.com\/avatar\/e2e6cdcb938c280be135b0c8778bd9e10cea87203178064634f6af1e4707b00d?s=96&d=mm&r=g","contentUrl":"https:\/\/secure.gravatar.com\/avatar\/e2e6cdcb938c280be135b0c8778bd9e10cea87203178064634f6af1e4707b00d?s=96&d=mm&r=g","caption":"Casa Rural entre Sueve y Picos"},"url":"https:\/\/casaentresueveypicos.com\/de\/author\/traduccion\/"}]}},"_links":{"self":[{"href":"https:\/\/casaentresueveypicos.com\/de\/wp-json\/wp\/v2\/posts\/5484","targetHints":{"allow":["GET"]}}],"collection":[{"href":"https:\/\/casaentresueveypicos.com\/de\/wp-json\/wp\/v2\/posts"}],"about":[{"href":"https:\/\/casaentresueveypicos.com\/de\/wp-json\/wp\/v2\/types\/post"}],"author":[{"embeddable":true,"href":"https:\/\/casaentresueveypicos.com\/de\/wp-json\/wp\/v2\/users\/3"}],"replies":[{"embeddable":true,"href":"https:\/\/casaentresueveypicos.com\/de\/wp-json\/wp\/v2\/comments?post=5484"}],"version-history":[{"count":1,"href":"https:\/\/casaentresueveypicos.com\/de\/wp-json\/wp\/v2\/posts\/5484\/revisions"}],"predecessor-version":[{"id":5485,"href":"https:\/\/casaentresueveypicos.com\/de\/wp-json\/wp\/v2\/posts\/5484\/revisions\/5485"}],"wp:featuredmedia":[{"embeddable":true,"href":"https:\/\/casaentresueveypicos.com\/de\/wp-json\/wp\/v2\/media\/5077"}],"wp:attachment":[{"href":"https:\/\/casaentresueveypicos.com\/de\/wp-json\/wp\/v2\/media?parent=5484"}],"wp:term":[{"taxonomy":"category","embeddable":true,"href":"https:\/\/casaentresueveypicos.com\/de\/wp-json\/wp\/v2\/categories?post=5484"},{"taxonomy":"post_tag","embeddable":true,"href":"https:\/\/casaentresueveypicos.com\/de\/wp-json\/wp\/v2\/tags?post=5484"}],"curies":[{"name":"wp","href":"https:\/\/api.w.org\/{rel}","templated":true}]}}