{"id":5470,"date":"2021-05-30T00:46:38","date_gmt":"2021-05-29T22:46:38","guid":{"rendered":"https:\/\/casaentresueveypicos.com\/gran-trail-picos-de-europa\/"},"modified":"2021-05-30T00:46:41","modified_gmt":"2021-05-29T22:46:41","slug":"gran-trail-picos-de-europa","status":"publish","type":"post","link":"https:\/\/casaentresueveypicos.com\/de\/gran-trail-picos-de-europa\/","title":{"rendered":"Gran Trail Picos de Europa"},"content":{"rendered":"<p><a href=\"https:\/\/www.gtpe.es\/\">https:\/\/www.gtpe.es\/<\/a><\/p>\n<p>Gran Trail Picos de Europa &#8211; Benia de On\u00eds, 25 km &#8211; 27 min vom Haus entfernt<\/p>\n<p>Eines der renommiertesten Rennen an der Kantabrischen K\u00fcste. Er wird am 26. Juni 2021 um 05.00 Uhr stattfinden.<\/p>\n<p>Ausgangspunkt ist Benia de On\u00eds. Es durchquert den Nationalpark Los Picos de Europa und f\u00fchrt durch ber\u00fchmte Sehensw\u00fcrdigkeiten wie die Seen von Covadonga, Ruta del Cares, den Canal de Trea oder Vega de Ario.<\/p>\n<p>Ungef\u00e4hr 1.500 L\u00e4ufer werden an vier Rennmodalit\u00e4ten teilnehmen:<\/p>\n<p style=\"text-align: center;\">GTPE Ultra \u2013 70 km und 5.300 m positive Steigung<\/p>\n<p style=\"text-align: center;\">GTPE Trail \u2013 35 km y 2.200 m positive Steigung<\/p>\n<p style=\"text-align: center;\">GTPE Trail \u2013 22 km y 1.380 m positive Steigung<\/p>\n<p style=\"text-align: center;\"> GTPE Speed Trail \u2013 10 km y 500 m de desnivel positivo<\/p>\n<p>&nbsp;<\/p>\n<p>&nbsp;<\/p>\n<p>&nbsp;<\/p>\n<p>&nbsp;<\/p>\n","protected":false},"excerpt":{"rendered":"<p>https:\/\/www.gtpe.es\/ Gran Trail Picos de Europa &#8211; Benia de On\u00eds, 25 km &#8211; 27 min vom Haus entfernt Eines der renommiertesten Rennen an der Kantabrischen K\u00fcste. Er wird am 26. Juni 2021 um 05.00 Uhr stattfinden. Ausgangspunkt ist Benia de On\u00eds. Es durchquert den Nationalpark Los Picos de Europa und f\u00fchrt durch ber\u00fchmte Sehensw\u00fcrdigkeiten wie [&hellip;]<\/p>\n","protected":false},"author":3,"featured_media":5149,"comment_status":"open","ping_status":"open","sticky":false,"template":"","format":"standard","meta":{"_joinchat":[],"footnotes":""},"categories":[106],"tags":[188],"class_list":["post-5470","post","type-post","status-publish","format-standard","has-post-thumbnail","hentry","category-wettbewerb-und-rennen","tag-carreras-de"],"yoast_head":"<!-- This site is optimized with the Yoast SEO plugin v25.1 - https:\/\/yoast.com\/wordpress\/plugins\/seo\/ -->\n<title>Gran Trail Picos de Europa - Casa entre Sueve y Picos<\/title>\n<meta name=\"robots\" content=\"index, follow, max-snippet:-1, max-image-preview:large, max-video-preview:-1\" \/>\n<link rel=\"canonical\" href=\"https:\/\/casaentresueveypicos.com\/de\/gran-trail-picos-de-europa\/\" \/>\n<meta property=\"og:locale\" content=\"de_DE\" \/>\n<meta property=\"og:type\" content=\"article\" \/>\n<meta property=\"og:title\" content=\"Gran Trail Picos de Europa - Casa entre Sueve y Picos\" \/>\n<meta property=\"og:description\" content=\"https:\/\/www.gtpe.es\/ Gran Trail Picos de Europa &#8211; Benia de On\u00eds, 25 km &#8211; 27 min vom Haus entfernt Eines der renommiertesten Rennen an der Kantabrischen K\u00fcste. Er wird am 26. Juni 2021 um 05.00 Uhr stattfinden. Ausgangspunkt ist Benia de On\u00eds. Es durchquert den Nationalpark Los Picos de Europa und f\u00fchrt durch ber\u00fchmte Sehensw\u00fcrdigkeiten wie [&hellip;]\" \/>\n<meta property=\"og:url\" content=\"https:\/\/casaentresueveypicos.com\/de\/gran-trail-picos-de-europa\/\" \/>\n<meta property=\"og:site_name\" content=\"Casa entre Sueve y Picos\" \/>\n<meta property=\"article:published_time\" content=\"2021-05-29T22:46:38+00:00\" \/>\n<meta property=\"article:modified_time\" content=\"2021-05-29T22:46:41+00:00\" \/>\n<meta property=\"og:image\" content=\"https:\/\/casaentresueveypicos.com\/wp-content\/uploads\/2021\/05\/carrera-montana.jpg\" \/>\n\t<meta property=\"og:image:width\" content=\"640\" \/>\n\t<meta property=\"og:image:height\" content=\"427\" \/>\n\t<meta property=\"og:image:type\" content=\"image\/jpeg\" \/>\n<meta name=\"author\" content=\"Casa Rural entre Sueve y Picos\" \/>\n<meta name=\"twitter:card\" content=\"summary_large_image\" \/>\n<meta name=\"twitter:label1\" content=\"Verfasst von\" \/>\n\t<meta name=\"twitter:data1\" content=\"Casa Rural entre Sueve y Picos\" \/>\n\t<meta name=\"twitter:label2\" content=\"Gesch\u00e4tzte Lesezeit\" \/>\n\t<meta name=\"twitter:data2\" content=\"1\u00a0Minute\" \/>\n<script type=\"application\/ld+json\" class=\"yoast-schema-graph\">{\"@context\":\"https:\/\/schema.org\",\"@graph\":[{\"@type\":\"WebPage\",\"@id\":\"https:\/\/casaentresueveypicos.com\/de\/gran-trail-picos-de-europa\/\",\"url\":\"https:\/\/casaentresueveypicos.com\/de\/gran-trail-picos-de-europa\/\",\"name\":\"Gran Trail Picos de Europa - Casa entre Sueve y Picos\",\"isPartOf\":{\"@id\":\"https:\/\/casaentresueveypicos.com\/de\/#website\"},\"primaryImageOfPage\":{\"@id\":\"https:\/\/casaentresueveypicos.com\/de\/gran-trail-picos-de-europa\/#primaryimage\"},\"image\":{\"@id\":\"https:\/\/casaentresueveypicos.com\/de\/gran-trail-picos-de-europa\/#primaryimage\"},\"thumbnailUrl\":\"https:\/\/casaentresueveypicos.com\/wp-content\/uploads\/2021\/05\/carrera-montana.jpg\",\"datePublished\":\"2021-05-29T22:46:38+00:00\",\"dateModified\":\"2021-05-29T22:46:41+00:00\",\"author\":{\"@id\":\"https:\/\/casaentresueveypicos.com\/de\/#\/schema\/person\/6d379ec9d2ddd015e942b798fe00c322\"},\"breadcrumb\":{\"@id\":\"https:\/\/casaentresueveypicos.com\/de\/gran-trail-picos-de-europa\/#breadcrumb\"},\"inLanguage\":\"de\",\"potentialAction\":[{\"@type\":\"ReadAction\",\"target\":[\"https:\/\/casaentresueveypicos.com\/de\/gran-trail-picos-de-europa\/\"]}]},{\"@type\":\"ImageObject\",\"inLanguage\":\"de\",\"@id\":\"https:\/\/casaentresueveypicos.com\/de\/gran-trail-picos-de-europa\/#primaryimage\",\"url\":\"https:\/\/casaentresueveypicos.com\/wp-content\/uploads\/2021\/05\/carrera-montana.jpg\",\"contentUrl\":\"https:\/\/casaentresueveypicos.com\/wp-content\/uploads\/2021\/05\/carrera-montana.jpg\",\"width\":640,\"height\":427,\"caption\":\"Gran Trail Picos de Europa\"},{\"@type\":\"BreadcrumbList\",\"@id\":\"https:\/\/casaentresueveypicos.com\/de\/gran-trail-picos-de-europa\/#breadcrumb\",\"itemListElement\":[{\"@type\":\"ListItem\",\"position\":1,\"name\":\"Inicio\",\"item\":\"https:\/\/casaentresueveypicos.com\/de\/\"},{\"@type\":\"ListItem\",\"position\":2,\"name\":\"Gran Trail Picos de Europa\"}]},{\"@type\":\"WebSite\",\"@id\":\"https:\/\/casaentresueveypicos.com\/de\/#website\",\"url\":\"https:\/\/casaentresueveypicos.com\/de\/\",\"name\":\"Casa entre Sueve y Picos\",\"description\":\"Casa Rural en Arriondas\",\"potentialAction\":[{\"@type\":\"SearchAction\",\"target\":{\"@type\":\"EntryPoint\",\"urlTemplate\":\"https:\/\/casaentresueveypicos.com\/de\/?s={search_term_string}\"},\"query-input\":{\"@type\":\"PropertyValueSpecification\",\"valueRequired\":true,\"valueName\":\"search_term_string\"}}],\"inLanguage\":\"de\"},{\"@type\":\"Person\",\"@id\":\"https:\/\/casaentresueveypicos.com\/de\/#\/schema\/person\/6d379ec9d2ddd015e942b798fe00c322\",\"name\":\"Casa Rural entre Sueve y Picos\",\"image\":{\"@type\":\"ImageObject\",\"inLanguage\":\"de\",\"@id\":\"https:\/\/casaentresueveypicos.com\/de\/#\/schema\/person\/image\/\",\"url\":\"https:\/\/secure.gravatar.com\/avatar\/e2e6cdcb938c280be135b0c8778bd9e10cea87203178064634f6af1e4707b00d?s=96&d=mm&r=g\",\"contentUrl\":\"https:\/\/secure.gravatar.com\/avatar\/e2e6cdcb938c280be135b0c8778bd9e10cea87203178064634f6af1e4707b00d?s=96&d=mm&r=g\",\"caption\":\"Casa Rural entre Sueve y Picos\"},\"url\":\"https:\/\/casaentresueveypicos.com\/de\/author\/traduccion\/\"}]}<\/script>\n<!-- \/ Yoast SEO plugin. -->","yoast_head_json":{"title":"Gran Trail Picos de Europa - Casa entre Sueve y Picos","robots":{"index":"index","follow":"follow","max-snippet":"max-snippet:-1","max-image-preview":"max-image-preview:large","max-video-preview":"max-video-preview:-1"},"canonical":"https:\/\/casaentresueveypicos.com\/de\/gran-trail-picos-de-europa\/","og_locale":"de_DE","og_type":"article","og_title":"Gran Trail Picos de Europa - Casa entre Sueve y Picos","og_description":"https:\/\/www.gtpe.es\/ Gran Trail Picos de Europa &#8211; Benia de On\u00eds, 25 km &#8211; 27 min vom Haus entfernt Eines der renommiertesten Rennen an der Kantabrischen K\u00fcste. Er wird am 26. Juni 2021 um 05.00 Uhr stattfinden. Ausgangspunkt ist Benia de On\u00eds. Es durchquert den Nationalpark Los Picos de Europa und f\u00fchrt durch ber\u00fchmte Sehensw\u00fcrdigkeiten wie [&hellip;]","og_url":"https:\/\/casaentresueveypicos.com\/de\/gran-trail-picos-de-europa\/","og_site_name":"Casa entre Sueve y Picos","article_published_time":"2021-05-29T22:46:38+00:00","article_modified_time":"2021-05-29T22:46:41+00:00","og_image":[{"width":640,"height":427,"url":"https:\/\/casaentresueveypicos.com\/wp-content\/uploads\/2021\/05\/carrera-montana.jpg","type":"image\/jpeg"}],"author":"Casa Rural entre Sueve y Picos","twitter_card":"summary_large_image","twitter_misc":{"Verfasst von":"Casa Rural entre Sueve y Picos","Gesch\u00e4tzte Lesezeit":"1\u00a0Minute"},"schema":{"@context":"https:\/\/schema.org","@graph":[{"@type":"WebPage","@id":"https:\/\/casaentresueveypicos.com\/de\/gran-trail-picos-de-europa\/","url":"https:\/\/casaentresueveypicos.com\/de\/gran-trail-picos-de-europa\/","name":"Gran Trail Picos de Europa - Casa entre Sueve y Picos","isPartOf":{"@id":"https:\/\/casaentresueveypicos.com\/de\/#website"},"primaryImageOfPage":{"@id":"https:\/\/casaentresueveypicos.com\/de\/gran-trail-picos-de-europa\/#primaryimage"},"image":{"@id":"https:\/\/casaentresueveypicos.com\/de\/gran-trail-picos-de-europa\/#primaryimage"},"thumbnailUrl":"https:\/\/casaentresueveypicos.com\/wp-content\/uploads\/2021\/05\/carrera-montana.jpg","datePublished":"2021-05-29T22:46:38+00:00","dateModified":"2021-05-29T22:46:41+00:00","author":{"@id":"https:\/\/casaentresueveypicos.com\/de\/#\/schema\/person\/6d379ec9d2ddd015e942b798fe00c322"},"breadcrumb":{"@id":"https:\/\/casaentresueveypicos.com\/de\/gran-trail-picos-de-europa\/#breadcrumb"},"inLanguage":"de","potentialAction":[{"@type":"ReadAction","target":["https:\/\/casaentresueveypicos.com\/de\/gran-trail-picos-de-europa\/"]}]},{"@type":"ImageObject","inLanguage":"de","@id":"https:\/\/casaentresueveypicos.com\/de\/gran-trail-picos-de-europa\/#primaryimage","url":"https:\/\/casaentresueveypicos.com\/wp-content\/uploads\/2021\/05\/carrera-montana.jpg","contentUrl":"https:\/\/casaentresueveypicos.com\/wp-content\/uploads\/2021\/05\/carrera-montana.jpg","width":640,"height":427,"caption":"Gran Trail Picos de Europa"},{"@type":"BreadcrumbList","@id":"https:\/\/casaentresueveypicos.com\/de\/gran-trail-picos-de-europa\/#breadcrumb","itemListElement":[{"@type":"ListItem","position":1,"name":"Inicio","item":"https:\/\/casaentresueveypicos.com\/de\/"},{"@type":"ListItem","position":2,"name":"Gran Trail Picos de Europa"}]},{"@type":"WebSite","@id":"https:\/\/casaentresueveypicos.com\/de\/#website","url":"https:\/\/casaentresueveypicos.com\/de\/","name":"Casa entre Sueve y Picos","description":"Casa Rural en Arriondas","potentialAction":[{"@type":"SearchAction","target":{"@type":"EntryPoint","urlTemplate":"https:\/\/casaentresueveypicos.com\/de\/?s={search_term_string}"},"query-input":{"@type":"PropertyValueSpecification","valueRequired":true,"valueName":"search_term_string"}}],"inLanguage":"de"},{"@type":"Person","@id":"https:\/\/casaentresueveypicos.com\/de\/#\/schema\/person\/6d379ec9d2ddd015e942b798fe00c322","name":"Casa Rural entre Sueve y Picos","image":{"@type":"ImageObject","inLanguage":"de","@id":"https:\/\/casaentresueveypicos.com\/de\/#\/schema\/person\/image\/","url":"https:\/\/secure.gravatar.com\/avatar\/e2e6cdcb938c280be135b0c8778bd9e10cea87203178064634f6af1e4707b00d?s=96&d=mm&r=g","contentUrl":"https:\/\/secure.gravatar.com\/avatar\/e2e6cdcb938c280be135b0c8778bd9e10cea87203178064634f6af1e4707b00d?s=96&d=mm&r=g","caption":"Casa Rural entre Sueve y Picos"},"url":"https:\/\/casaentresueveypicos.com\/de\/author\/traduccion\/"}]}},"_links":{"self":[{"href":"https:\/\/casaentresueveypicos.com\/de\/wp-json\/wp\/v2\/posts\/5470","targetHints":{"allow":["GET"]}}],"collection":[{"href":"https:\/\/casaentresueveypicos.com\/de\/wp-json\/wp\/v2\/posts"}],"about":[{"href":"https:\/\/casaentresueveypicos.com\/de\/wp-json\/wp\/v2\/types\/post"}],"author":[{"embeddable":true,"href":"https:\/\/casaentresueveypicos.com\/de\/wp-json\/wp\/v2\/users\/3"}],"replies":[{"embeddable":true,"href":"https:\/\/casaentresueveypicos.com\/de\/wp-json\/wp\/v2\/comments?post=5470"}],"version-history":[{"count":1,"href":"https:\/\/casaentresueveypicos.com\/de\/wp-json\/wp\/v2\/posts\/5470\/revisions"}],"predecessor-version":[{"id":5471,"href":"https:\/\/casaentresueveypicos.com\/de\/wp-json\/wp\/v2\/posts\/5470\/revisions\/5471"}],"wp:featuredmedia":[{"embeddable":true,"href":"https:\/\/casaentresueveypicos.com\/de\/wp-json\/wp\/v2\/media\/5149"}],"wp:attachment":[{"href":"https:\/\/casaentresueveypicos.com\/de\/wp-json\/wp\/v2\/media?parent=5470"}],"wp:term":[{"taxonomy":"category","embeddable":true,"href":"https:\/\/casaentresueveypicos.com\/de\/wp-json\/wp\/v2\/categories?post=5470"},{"taxonomy":"post_tag","embeddable":true,"href":"https:\/\/casaentresueveypicos.com\/de\/wp-json\/wp\/v2\/tags?post=5470"}],"curies":[{"name":"wp","href":"https:\/\/api.w.org\/{rel}","templated":true}]}}